{"id":4065,"date":"2025-12-04T02:33:36","date_gmt":"2025-12-04T01:33:36","guid":{"rendered":"https:\/\/aubertin.fr\/?p=4065"},"modified":"2025-12-04T02:36:02","modified_gmt":"2025-12-04T01:36:02","slug":"telethon-2026","status":"publish","type":"post","link":"https:\/\/aubertin.fr\/index.php\/2025\/12\/04\/telethon-2026\/","title":{"rendered":"T\u00e9l\u00e9thon 2026"},"content":{"rendered":"\n<p>Bonjour \u00e0 toutes et tous.<\/p>\n\n\n\n<p>Le T\u00e9l\u00e9thon aura lieu \u00e0 la maison pour tous le 5 et 6decembre. Il y aura notamment une marche qui commencera \u00e0 partir du vendredi 5 \u00e0 18 heures jusqu&rsquo;au samedi 6 d\u00e9cembre 15 heures, sur deux circuits, 3 ou 7 kms.&nbsp;<br>Il est demand\u00e9 un gilet fluorescent et une lampe par groupe de marcheurs. Les riverains sont invit\u00e9s \u00e0 laisser leur \u00e9clairage ext\u00e9rieur allum\u00e9.&nbsp;<\/p>\n\n\n\n<p>La traditionnelle garbure sera servie \u00e0 tous les marcheurs.<\/p>\n\n\n\n<p>Rendez vous au b\u00e9n\u00e9voles le vendredi 30 novembre \u00e0 9h pour la pr\u00e9paration de la garbure..<\/p>\n\n\n\n<p>Cet ann\u00e9e les pompiers de Lasseube laveront les voitures \u00e0 la place bitaillou le samedi 6 d\u00e9cembre. <\/p>\n\n\n\n<p>Si vous voulez faire partie des b\u00e9n\u00e9voles du t\u00e9l\u00e9thon vous \u00eates les bienvenus, vous pouvez contacter une des deux organisatrices.<\/p>\n\n\n\n<figure class=\"wp-block-image size-large\"><img loading=\"lazy\" decoding=\"async\" width=\"1024\" height=\"768\" src=\"http:\/\/aubertin.fr\/wp-content\/uploads\/2025\/12\/IMG_2882-1024x768.jpeg\" alt=\"\" class=\"wp-image-4060\" srcset=\"https:\/\/aubertin.fr\/wp-content\/uploads\/2025\/12\/IMG_2882-1024x768.jpeg 1024w, https:\/\/aubertin.fr\/wp-content\/uploads\/2025\/12\/IMG_2882-300x225.jpeg 300w, https:\/\/aubertin.fr\/wp-content\/uploads\/2025\/12\/IMG_2882-768x576.jpeg 768w, https:\/\/aubertin.fr\/wp-content\/uploads\/2025\/12\/IMG_2882-1536x1152.jpeg 1536w, https:\/\/aubertin.fr\/wp-content\/uploads\/2025\/12\/IMG_2882-2048x1536.jpeg 2048w, https:\/\/aubertin.fr\/wp-content\/uploads\/2025\/12\/IMG_2882-555x416.jpeg 555w\" sizes=\"auto, (max-width: 1024px) 100vw, 1024px\" \/><\/figure>\n\n\n\n<p><\/p>\n","protected":false},"excerpt":{"rendered":"<p>Bonjour \u00e0 toutes et tous. Le T\u00e9l\u00e9thon aura lieu \u00e0 la maison pour tous le 5 et 6decembre. Il y aura notamment une marche qui commencera \u00e0 partir du vendredi 5 \u00e0 18 heures jusqu&rsquo;au samedi 6 d\u00e9cembre 15 heures, sur deux circuits, 3 ou 7 kms.&nbsp;Il est demand\u00e9 un gilet fluorescent et une lampe &hellip; <\/p>\n<p><a class=\"more-link btn\" href=\"https:\/\/aubertin.fr\/index.php\/2025\/12\/04\/telethon-2026\/\">Lire la suite<\/a><\/p>\n","protected":false},"author":3,"featured_media":605,"comment_status":"closed","ping_status":"closed","sticky":false,"template":"","format":"standard","meta":{"footnotes":""},"categories":[1],"tags":[],"class_list":["post-4065","post","type-post","status-publish","format-standard","has-post-thumbnail","hentry","category-non-classe","item-wrap"],"_links":{"self":[{"href":"https:\/\/aubertin.fr\/index.php\/wp-json\/wp\/v2\/posts\/4065","targetHints":{"allow":["GET"]}}],"collection":[{"href":"https:\/\/aubertin.fr\/index.php\/wp-json\/wp\/v2\/posts"}],"about":[{"href":"https:\/\/aubertin.fr\/index.php\/wp-json\/wp\/v2\/types\/post"}],"author":[{"embeddable":true,"href":"https:\/\/aubertin.fr\/index.php\/wp-json\/wp\/v2\/users\/3"}],"replies":[{"embeddable":true,"href":"https:\/\/aubertin.fr\/index.php\/wp-json\/wp\/v2\/comments?post=4065"}],"version-history":[{"count":2,"href":"https:\/\/aubertin.fr\/index.php\/wp-json\/wp\/v2\/posts\/4065\/revisions"}],"predecessor-version":[{"id":4068,"href":"https:\/\/aubertin.fr\/index.php\/wp-json\/wp\/v2\/posts\/4065\/revisions\/4068"}],"wp:featuredmedia":[{"embeddable":true,"href":"https:\/\/aubertin.fr\/index.php\/wp-json\/wp\/v2\/media\/605"}],"wp:attachment":[{"href":"https:\/\/aubertin.fr\/index.php\/wp-json\/wp\/v2\/media?parent=4065"}],"wp:term":[{"taxonomy":"category","embeddable":true,"href":"https:\/\/aubertin.fr\/index.php\/wp-json\/wp\/v2\/categories?post=4065"},{"taxonomy":"post_tag","embeddable":true,"href":"https:\/\/aubertin.fr\/index.php\/wp-json\/wp\/v2\/tags?post=4065"}],"curies":[{"name":"wp","href":"https:\/\/api.w.org\/{rel}","templated":true}]}}