{"id":4081,"date":"2025-12-06T08:17:19","date_gmt":"2025-12-06T07:17:19","guid":{"rendered":"https:\/\/aubertin.fr\/?p=4081"},"modified":"2025-12-06T08:17:19","modified_gmt":"2025-12-06T07:17:19","slug":"telethon-retour-sur-la-soiree-dhier","status":"publish","type":"post","link":"https:\/\/aubertin.fr\/index.php\/2025\/12\/06\/telethon-retour-sur-la-soiree-dhier\/","title":{"rendered":"T\u00e9l\u00e9thon \u2013 Retour sur la soir\u00e9e d\u2019hier"},"content":{"rendered":"\n<p>Hier soir, une quarantaine de marcheurs ont particip\u00e9 \u00e0 la randonn\u00e9e organis\u00e9e dans le cadre du T\u00e9l\u00e9thon.<\/p>\n\n\n\n<p>\u00c0 l\u2019issue de la marche, une garbure chaleureuse et tr\u00e8s appr\u00e9ci\u00e9e a \u00e9t\u00e9 servie, permettant de cl\u00f4turer la soir\u00e9e dans un moment convivial.<\/p>\n\n\n\n<p>La soir\u00e9e s\u2019est d\u00e9roul\u00e9e dans une ambiance bienveillante et agr\u00e9able, avant que chacun ne regagne son repos.<\/p>\n\n\n\n<figure class=\"wp-block-image size-large\"><img loading=\"lazy\" decoding=\"async\" width=\"1024\" height=\"768\" src=\"http:\/\/aubertin.fr\/wp-content\/uploads\/2025\/12\/IMG_3312-1024x768.jpeg\" alt=\"\" class=\"wp-image-4075\" srcset=\"https:\/\/aubertin.fr\/wp-content\/uploads\/2025\/12\/IMG_3312-1024x768.jpeg 1024w, https:\/\/aubertin.fr\/wp-content\/uploads\/2025\/12\/IMG_3312-300x225.jpeg 300w, https:\/\/aubertin.fr\/wp-content\/uploads\/2025\/12\/IMG_3312-768x576.jpeg 768w, https:\/\/aubertin.fr\/wp-content\/uploads\/2025\/12\/IMG_3312-1536x1152.jpeg 1536w, https:\/\/aubertin.fr\/wp-content\/uploads\/2025\/12\/IMG_3312-2048x1536.jpeg 2048w, https:\/\/aubertin.fr\/wp-content\/uploads\/2025\/12\/IMG_3312-555x416.jpeg 555w\" sizes=\"auto, (max-width: 1024px) 100vw, 1024px\" \/><\/figure>\n\n\n\n<figure class=\"wp-block-image size-large\"><img loading=\"lazy\" decoding=\"async\" width=\"1024\" height=\"768\" src=\"http:\/\/aubertin.fr\/wp-content\/uploads\/2025\/12\/IMG_3316-1024x768.jpeg\" alt=\"\" class=\"wp-image-4079\" srcset=\"https:\/\/aubertin.fr\/wp-content\/uploads\/2025\/12\/IMG_3316-1024x768.jpeg 1024w, https:\/\/aubertin.fr\/wp-content\/uploads\/2025\/12\/IMG_3316-300x225.jpeg 300w, https:\/\/aubertin.fr\/wp-content\/uploads\/2025\/12\/IMG_3316-768x576.jpeg 768w, https:\/\/aubertin.fr\/wp-content\/uploads\/2025\/12\/IMG_3316-1536x1152.jpeg 1536w, https:\/\/aubertin.fr\/wp-content\/uploads\/2025\/12\/IMG_3316-2048x1536.jpeg 2048w, https:\/\/aubertin.fr\/wp-content\/uploads\/2025\/12\/IMG_3316-555x416.jpeg 555w\" sizes=\"auto, (max-width: 1024px) 100vw, 1024px\" \/><\/figure>\n\n\n\n<figure class=\"wp-block-image size-large\"><img loading=\"lazy\" decoding=\"async\" width=\"1024\" height=\"768\" src=\"http:\/\/aubertin.fr\/wp-content\/uploads\/2025\/12\/IMG_3317-1024x768.jpeg\" alt=\"\" class=\"wp-image-4080\" srcset=\"https:\/\/aubertin.fr\/wp-content\/uploads\/2025\/12\/IMG_3317-1024x768.jpeg 1024w, https:\/\/aubertin.fr\/wp-content\/uploads\/2025\/12\/IMG_3317-300x225.jpeg 300w, https:\/\/aubertin.fr\/wp-content\/uploads\/2025\/12\/IMG_3317-768x576.jpeg 768w, https:\/\/aubertin.fr\/wp-content\/uploads\/2025\/12\/IMG_3317-1536x1152.jpeg 1536w, https:\/\/aubertin.fr\/wp-content\/uploads\/2025\/12\/IMG_3317-2048x1536.jpeg 2048w, https:\/\/aubertin.fr\/wp-content\/uploads\/2025\/12\/IMG_3317-555x416.jpeg 555w\" sizes=\"auto, (max-width: 1024px) 100vw, 1024px\" \/><\/figure>\n","protected":false},"excerpt":{"rendered":"<p>Hier soir, une quarantaine de marcheurs ont particip\u00e9 \u00e0 la randonn\u00e9e organis\u00e9e dans le cadre du T\u00e9l\u00e9thon. \u00c0 l\u2019issue de la marche, une garbure chaleureuse et tr\u00e8s appr\u00e9ci\u00e9e a \u00e9t\u00e9 servie, permettant de cl\u00f4turer la soir\u00e9e dans un moment convivial. La soir\u00e9e s\u2019est d\u00e9roul\u00e9e dans une ambiance bienveillante et agr\u00e9able, avant que chacun ne regagne &hellip; <\/p>\n<p><a class=\"more-link btn\" href=\"https:\/\/aubertin.fr\/index.php\/2025\/12\/06\/telethon-retour-sur-la-soiree-dhier\/\">Lire la suite<\/a><\/p>\n","protected":false},"author":3,"featured_media":4078,"comment_status":"closed","ping_status":"closed","sticky":false,"template":"","format":"standard","meta":{"footnotes":""},"categories":[1],"tags":[],"class_list":["post-4081","post","type-post","status-publish","format-standard","has-post-thumbnail","hentry","category-non-classe","item-wrap"],"_links":{"self":[{"href":"https:\/\/aubertin.fr\/index.php\/wp-json\/wp\/v2\/posts\/4081","targetHints":{"allow":["GET"]}}],"collection":[{"href":"https:\/\/aubertin.fr\/index.php\/wp-json\/wp\/v2\/posts"}],"about":[{"href":"https:\/\/aubertin.fr\/index.php\/wp-json\/wp\/v2\/types\/post"}],"author":[{"embeddable":true,"href":"https:\/\/aubertin.fr\/index.php\/wp-json\/wp\/v2\/users\/3"}],"replies":[{"embeddable":true,"href":"https:\/\/aubertin.fr\/index.php\/wp-json\/wp\/v2\/comments?post=4081"}],"version-history":[{"count":1,"href":"https:\/\/aubertin.fr\/index.php\/wp-json\/wp\/v2\/posts\/4081\/revisions"}],"predecessor-version":[{"id":4082,"href":"https:\/\/aubertin.fr\/index.php\/wp-json\/wp\/v2\/posts\/4081\/revisions\/4082"}],"wp:featuredmedia":[{"embeddable":true,"href":"https:\/\/aubertin.fr\/index.php\/wp-json\/wp\/v2\/media\/4078"}],"wp:attachment":[{"href":"https:\/\/aubertin.fr\/index.php\/wp-json\/wp\/v2\/media?parent=4081"}],"wp:term":[{"taxonomy":"category","embeddable":true,"href":"https:\/\/aubertin.fr\/index.php\/wp-json\/wp\/v2\/categories?post=4081"},{"taxonomy":"post_tag","embeddable":true,"href":"https:\/\/aubertin.fr\/index.php\/wp-json\/wp\/v2\/tags?post=4081"}],"curies":[{"name":"wp","href":"https:\/\/api.w.org\/{rel}","templated":true}]}}