{"id":4084,"date":"2025-12-06T22:46:20","date_gmt":"2025-12-06T21:46:20","guid":{"rendered":"https:\/\/aubertin.fr\/?p=4084"},"modified":"2026-01-30T09:29:19","modified_gmt":"2026-01-30T08:29:19","slug":"telethon-aubertin-2025-resultat-provisoire-et-remerciements","status":"publish","type":"post","link":"https:\/\/aubertin.fr\/index.php\/2025\/12\/06\/telethon-aubertin-2025-resultat-provisoire-et-remerciements\/","title":{"rendered":"T\u00e9l\u00e9thon Aubertin 2025 \u2013 R\u00e9sultat provisoire et remerciements"},"content":{"rendered":"\n<p>La commune d\u2019Aubertin tient \u00e0 remercier chaleureusement l\u2019ensemble des participantes et participants qui se sont mobilis\u00e9s \u00e0 l\u2019occasion du T\u00e9l\u00e9thon 2025. <\/p>\n\n\n\n<p>Gr\u00e2ce \u00e0 la g\u00e9n\u00e9rosit\u00e9 de toutes et tous, la collecte atteint \u00e0 ce jour 2 175 euros. Il s\u2019agit d\u2019un montant provisoire, qui t\u00e9moigne une nouvelle fois de l\u2019engagement solidaire de notre village.<\/p>\n\n\n\n<p>Nous adressons des remerciements particuliers :<\/p>\n\n\n\n<ul class=\"wp-block-list\">\n<li>Aux pompiers de Lasseube, qui sont intervenus ce matin sur la place Bitaillou pour le nettoyage des v\u00e9hicules.<\/li>\n\n\n\n<li>\u00c0 la municipalit\u00e9, pour l\u2019organisation et le repas offert.<\/li>\n\n\n\n<li>\u00c0 Marcel Coutou, pour le vin rouge et le ros\u00e9.<\/li>\n\n\n\n<li>\u00c0u clos Reyau, Monsieur et Madame Bascourret pour le vin blanc.<\/li>\n\n\n\n<li>\u00c0 Nouste bi, pour la garbure.<\/li>\n\n\n\n<li>\u00c0 l\u2019ensemble des b\u00e9n\u00e9voles qui ont confectionn\u00e9 des g\u00e2teaux..<\/li>\n\n\n\n<li>Aux marcheurs d\u2019Aubertin ainsi qu\u2019aux marcheurs des villages voisins : Laroin, Saint-Faust, Lasseube, Lacommande et autres communes proches.<\/li>\n<\/ul>\n\n\n\n<p>La commune remercie toutes les personnes ayant contribu\u00e9, de pr\u00e8s ou de loin, au succ\u00e8s de cette nouvelle \u00e9dition. <\/p>\n\n\n\n<p>Vous pouvez toujours d\u00e9poser des dons \u00e0 la mairie jusqu\u2019\u00e0 fin d\u00e9cembre.<\/p>\n\n\n\n<p>Nous vous donnons rendez-vous l\u2019ann\u00e9e prochaine pour poursuivre ensemble cet \u00e9lan de solidarit\u00e9 en faveur du T\u00e9l\u00e9thon.<\/p>\n\n\n\n<figure class=\"wp-block-video\"><video height=\"1920\" style=\"aspect-ratio: 1080 \/ 1920;\" width=\"1080\" controls src=\"http:\/\/aubertin.fr\/wp-content\/uploads\/2025\/12\/copy_4E7FDF80-57B3-4980-87D6-F6496B2A240F.mov\"><\/video><\/figure>\n\n\n\n<figure class=\"wp-block-video\"><\/figure>\n\n\n\n<figure class=\"wp-block-video\"><\/figure>\n\n\n\n<figure class=\"wp-block-video\"><\/figure>\n\n\n\n<figure class=\"wp-block-video\"><\/figure>\n","protected":false},"excerpt":{"rendered":"<p>La commune d\u2019Aubertin tient \u00e0 remercier chaleureusement l\u2019ensemble des participantes et participants qui se sont mobilis\u00e9s \u00e0 l\u2019occasion du T\u00e9l\u00e9thon 2025. Gr\u00e2ce \u00e0 la g\u00e9n\u00e9rosit\u00e9 de toutes et tous, la collecte atteint \u00e0 ce jour 2 175 euros. Il s\u2019agit d\u2019un montant provisoire, qui t\u00e9moigne une nouvelle fois de l\u2019engagement solidaire de notre village. Nous &hellip; <\/p>\n<p><a class=\"more-link btn\" href=\"https:\/\/aubertin.fr\/index.php\/2025\/12\/06\/telethon-aubertin-2025-resultat-provisoire-et-remerciements\/\">Lire la suite<\/a><\/p>\n","protected":false},"author":3,"featured_media":4085,"comment_status":"closed","ping_status":"closed","sticky":false,"template":"","format":"standard","meta":{"footnotes":""},"categories":[1],"tags":[],"class_list":["post-4084","post","type-post","status-publish","format-standard","has-post-thumbnail","hentry","category-non-classe","item-wrap"],"_links":{"self":[{"href":"https:\/\/aubertin.fr\/index.php\/wp-json\/wp\/v2\/posts\/4084","targetHints":{"allow":["GET"]}}],"collection":[{"href":"https:\/\/aubertin.fr\/index.php\/wp-json\/wp\/v2\/posts"}],"about":[{"href":"https:\/\/aubertin.fr\/index.php\/wp-json\/wp\/v2\/types\/post"}],"author":[{"embeddable":true,"href":"https:\/\/aubertin.fr\/index.php\/wp-json\/wp\/v2\/users\/3"}],"replies":[{"embeddable":true,"href":"https:\/\/aubertin.fr\/index.php\/wp-json\/wp\/v2\/comments?post=4084"}],"version-history":[{"count":3,"href":"https:\/\/aubertin.fr\/index.php\/wp-json\/wp\/v2\/posts\/4084\/revisions"}],"predecessor-version":[{"id":4259,"href":"https:\/\/aubertin.fr\/index.php\/wp-json\/wp\/v2\/posts\/4084\/revisions\/4259"}],"wp:featuredmedia":[{"embeddable":true,"href":"https:\/\/aubertin.fr\/index.php\/wp-json\/wp\/v2\/media\/4085"}],"wp:attachment":[{"href":"https:\/\/aubertin.fr\/index.php\/wp-json\/wp\/v2\/media?parent=4084"}],"wp:term":[{"taxonomy":"category","embeddable":true,"href":"https:\/\/aubertin.fr\/index.php\/wp-json\/wp\/v2\/categories?post=4084"},{"taxonomy":"post_tag","embeddable":true,"href":"https:\/\/aubertin.fr\/index.php\/wp-json\/wp\/v2\/tags?post=4084"}],"curies":[{"name":"wp","href":"https:\/\/api.w.org\/{rel}","templated":true}]}}