{"id":4096,"date":"2025-12-07T12:00:00","date_gmt":"2025-12-07T11:00:00","guid":{"rendered":"https:\/\/aubertin.fr\/?p=4096"},"modified":"2025-12-06T23:07:14","modified_gmt":"2025-12-06T22:07:14","slug":"formation-bafa-informations-pour-les-jeunes-daubertin","status":"publish","type":"post","link":"https:\/\/aubertin.fr\/index.php\/2025\/12\/07\/formation-bafa-informations-pour-les-jeunes-daubertin\/","title":{"rendered":"Formation BAFA \u2013 Informations pour les jeunes d\u2019Aubertin"},"content":{"rendered":"\n<p>La commune informe les jeunes qu\u2019une nouvelle session de formation BAFA (Brevet d\u2019Aptitude aux Fonctions d\u2019Animateur) est ouverte dans le secteur.<\/p>\n\n\n\n<p>Cette formation, accessible d\u00e8s 16 ans, permet d\u2019acqu\u00e9rir les comp\u00e9tences n\u00e9cessaires pour encadrer des enfants et travailler en centres de loisirs ou colonies de vacances.<\/p>\n\n\n\n<p>Les \u00e9tapes de la formation comprennent :<\/p>\n\n\n\n<ul class=\"wp-block-list\">\n<li>un stage th\u00e9orique,<\/li>\n\n\n\n<li>un stage pratique en structure d\u2019accueil,<\/li>\n\n\n\n<li>un approfondissement ou une qualification.<\/li>\n<\/ul>\n\n\n\n<p>Renseignements, modalit\u00e9s d\u2019inscription et calendrier sont disponibles aupr\u00e8s des organismes agr\u00e9\u00e9s ainsi qu\u2019en mairie.<\/p>\n\n\n\n<figure class=\"wp-block-image size-full\"><img loading=\"lazy\" decoding=\"async\" width=\"300\" height=\"425\" src=\"http:\/\/aubertin.fr\/wp-content\/uploads\/2025\/12\/bafa-francas.jpeg\" alt=\"\" class=\"wp-image-4097\" srcset=\"https:\/\/aubertin.fr\/wp-content\/uploads\/2025\/12\/bafa-francas.jpeg 300w, https:\/\/aubertin.fr\/wp-content\/uploads\/2025\/12\/bafa-francas-212x300.jpeg 212w\" sizes=\"auto, (max-width: 300px) 100vw, 300px\" \/><\/figure>\n\n\n\n<figure class=\"wp-block-image size-large\"><img loading=\"lazy\" decoding=\"async\" width=\"1024\" height=\"714\" src=\"http:\/\/aubertin.fr\/wp-content\/uploads\/2025\/12\/Francas_Bafa-Bafd-Cld2026-1024x714.jpeg\" alt=\"\" class=\"wp-image-4098\" srcset=\"https:\/\/aubertin.fr\/wp-content\/uploads\/2025\/12\/Francas_Bafa-Bafd-Cld2026-1024x714.jpeg 1024w, https:\/\/aubertin.fr\/wp-content\/uploads\/2025\/12\/Francas_Bafa-Bafd-Cld2026-300x209.jpeg 300w, https:\/\/aubertin.fr\/wp-content\/uploads\/2025\/12\/Francas_Bafa-Bafd-Cld2026-768x535.jpeg 768w, https:\/\/aubertin.fr\/wp-content\/uploads\/2025\/12\/Francas_Bafa-Bafd-Cld2026-555x387.jpeg 555w, https:\/\/aubertin.fr\/wp-content\/uploads\/2025\/12\/Francas_Bafa-Bafd-Cld2026.jpeg 1261w\" sizes=\"auto, (max-width: 1024px) 100vw, 1024px\" \/><\/figure>\n","protected":false},"excerpt":{"rendered":"<p>La commune informe les jeunes qu\u2019une nouvelle session de formation BAFA (Brevet d\u2019Aptitude aux Fonctions d\u2019Animateur) est ouverte dans le secteur. Cette formation, accessible d\u00e8s 16 ans, permet d\u2019acqu\u00e9rir les comp\u00e9tences n\u00e9cessaires pour encadrer des enfants et travailler en centres de loisirs ou colonies de vacances. Les \u00e9tapes de la formation comprennent : un stage &hellip; <\/p>\n<p><a class=\"more-link btn\" href=\"https:\/\/aubertin.fr\/index.php\/2025\/12\/07\/formation-bafa-informations-pour-les-jeunes-daubertin\/\">Lire la suite<\/a><\/p>\n","protected":false},"author":3,"featured_media":0,"comment_status":"closed","ping_status":"closed","sticky":false,"template":"","format":"standard","meta":{"footnotes":""},"categories":[1],"tags":[],"class_list":["post-4096","post","type-post","status-publish","format-standard","hentry","category-non-classe","item-wrap"],"_links":{"self":[{"href":"https:\/\/aubertin.fr\/index.php\/wp-json\/wp\/v2\/posts\/4096","targetHints":{"allow":["GET"]}}],"collection":[{"href":"https:\/\/aubertin.fr\/index.php\/wp-json\/wp\/v2\/posts"}],"about":[{"href":"https:\/\/aubertin.fr\/index.php\/wp-json\/wp\/v2\/types\/post"}],"author":[{"embeddable":true,"href":"https:\/\/aubertin.fr\/index.php\/wp-json\/wp\/v2\/users\/3"}],"replies":[{"embeddable":true,"href":"https:\/\/aubertin.fr\/index.php\/wp-json\/wp\/v2\/comments?post=4096"}],"version-history":[{"count":1,"href":"https:\/\/aubertin.fr\/index.php\/wp-json\/wp\/v2\/posts\/4096\/revisions"}],"predecessor-version":[{"id":4099,"href":"https:\/\/aubertin.fr\/index.php\/wp-json\/wp\/v2\/posts\/4096\/revisions\/4099"}],"wp:attachment":[{"href":"https:\/\/aubertin.fr\/index.php\/wp-json\/wp\/v2\/media?parent=4096"}],"wp:term":[{"taxonomy":"category","embeddable":true,"href":"https:\/\/aubertin.fr\/index.php\/wp-json\/wp\/v2\/categories?post=4096"},{"taxonomy":"post_tag","embeddable":true,"href":"https:\/\/aubertin.fr\/index.php\/wp-json\/wp\/v2\/tags?post=4096"}],"curies":[{"name":"wp","href":"https:\/\/api.w.org\/{rel}","templated":true}]}}