{"id":4107,"date":"2025-12-09T06:38:41","date_gmt":"2025-12-09T05:38:41","guid":{"rendered":"https:\/\/aubertin.fr\/?p=4107"},"modified":"2025-12-09T06:38:41","modified_gmt":"2025-12-09T05:38:41","slug":"information-concernant-les-obligations-liees-aux-elections-municipales-2026","status":"publish","type":"post","link":"https:\/\/aubertin.fr\/index.php\/2025\/12\/09\/information-concernant-les-obligations-liees-aux-elections-municipales-2026\/","title":{"rendered":"Information concernant les obligations li\u00e9es\u00a0aux \u00e9lections municipales 2026"},"content":{"rendered":"\n<p>Comme vous le savez, les \u00e9lections municipales auront lieu les&nbsp;15 et&nbsp;22&nbsp;mars&nbsp;2026.<\/p>\n\n\n\n<p>Pour cette \u00e9lection,&nbsp;les modalit\u00e9s d&rsquo;inscription sur les listes \u00e9lectorales&nbsp;introduites en 2019 vont \u00e0 nouveau \u00eatre appliqu\u00e9es.<\/p>\n\n\n\n<p>Il convient d&rsquo;informer les usagers:&nbsp;il est<strong>obligatoire<\/strong>&nbsp;d&rsquo;\u00eatre inscrit sur les listes \u00e9lectorales pour pouvoir voter. Or, il y a environ 2,9 millions d&rsquo;\u00e9lecteurs&nbsp;<strong>non-inscrits<\/strong>&nbsp;et 7,7 millions de&nbsp;<strong>\u00ab\u00a0mal-inscrits<\/strong>\u00a0\u00bb (estimation insee). Le taux d&rsquo;abstention aux \u00e9lections est en partie d\u00fb \u00e0 cette \u00ab\u00a0mal-inscription\u00a0\u00bb.<\/p>\n\n\n\n<p>&#8211; L&rsquo;inscription sur les listes \u00e9lectorales est possible&nbsp;<strong>jusqu&rsquo;au&nbsp;4 f\u00e9vrier 2026&nbsp;en ligne et&nbsp;jusqu&rsquo;au 6 f\u00e9vrier 2026&nbsp;en Mairie<\/strong>.<\/p>\n\n\n\n<p>&#8211; La possibilit\u00e9 pour le citoyen de&nbsp;<strong>v\u00e9rifier lui-m\u00eame sa situation \u00e9lectorale<\/strong>&nbsp;directement en ligne&nbsp;(via le&nbsp;r\u00e9pertoire \u00e9lectoral unique, dont la tenue est confi\u00e9e \u00e0 l&rsquo;INSEE)<\/p>\n\n\n\n<p>&#8211; L&rsquo;inscription peut se faire&nbsp;<strong>en ligne<\/strong>&nbsp;ou&nbsp;<strong>en mairie<\/strong>. Chaque citoyen, quelle que soit sa commune de domiciliation, pourra s&rsquo;inscrire directement par internet sur le site du service public.<\/p>\n\n\n\n<p><\/p>\n","protected":false},"excerpt":{"rendered":"<p>Comme vous le savez, les \u00e9lections municipales auront lieu les&nbsp;15 et&nbsp;22&nbsp;mars&nbsp;2026. Pour cette \u00e9lection,&nbsp;les modalit\u00e9s d&rsquo;inscription sur les listes \u00e9lectorales&nbsp;introduites en 2019 vont \u00e0 nouveau \u00eatre appliqu\u00e9es. Il convient d&rsquo;informer les usagers:&nbsp;il estobligatoire&nbsp;d&rsquo;\u00eatre inscrit sur les listes \u00e9lectorales pour pouvoir voter. Or, il y a environ 2,9 millions d&rsquo;\u00e9lecteurs&nbsp;non-inscrits&nbsp;et 7,7 millions de&nbsp;\u00ab\u00a0mal-inscrits\u00a0\u00bb (estimation insee). Le &hellip; <\/p>\n<p><a class=\"more-link btn\" href=\"https:\/\/aubertin.fr\/index.php\/2025\/12\/09\/information-concernant-les-obligations-liees-aux-elections-municipales-2026\/\">Lire la suite<\/a><\/p>\n","protected":false},"author":3,"featured_media":381,"comment_status":"closed","ping_status":"closed","sticky":false,"template":"","format":"standard","meta":{"footnotes":""},"categories":[1],"tags":[],"class_list":["post-4107","post","type-post","status-publish","format-standard","has-post-thumbnail","hentry","category-non-classe","item-wrap"],"_links":{"self":[{"href":"https:\/\/aubertin.fr\/index.php\/wp-json\/wp\/v2\/posts\/4107","targetHints":{"allow":["GET"]}}],"collection":[{"href":"https:\/\/aubertin.fr\/index.php\/wp-json\/wp\/v2\/posts"}],"about":[{"href":"https:\/\/aubertin.fr\/index.php\/wp-json\/wp\/v2\/types\/post"}],"author":[{"embeddable":true,"href":"https:\/\/aubertin.fr\/index.php\/wp-json\/wp\/v2\/users\/3"}],"replies":[{"embeddable":true,"href":"https:\/\/aubertin.fr\/index.php\/wp-json\/wp\/v2\/comments?post=4107"}],"version-history":[{"count":1,"href":"https:\/\/aubertin.fr\/index.php\/wp-json\/wp\/v2\/posts\/4107\/revisions"}],"predecessor-version":[{"id":4108,"href":"https:\/\/aubertin.fr\/index.php\/wp-json\/wp\/v2\/posts\/4107\/revisions\/4108"}],"wp:featuredmedia":[{"embeddable":true,"href":"https:\/\/aubertin.fr\/index.php\/wp-json\/wp\/v2\/media\/381"}],"wp:attachment":[{"href":"https:\/\/aubertin.fr\/index.php\/wp-json\/wp\/v2\/media?parent=4107"}],"wp:term":[{"taxonomy":"category","embeddable":true,"href":"https:\/\/aubertin.fr\/index.php\/wp-json\/wp\/v2\/categories?post=4107"},{"taxonomy":"post_tag","embeddable":true,"href":"https:\/\/aubertin.fr\/index.php\/wp-json\/wp\/v2\/tags?post=4107"}],"curies":[{"name":"wp","href":"https:\/\/api.w.org\/{rel}","templated":true}]}}