{"id":4241,"date":"2026-01-22T21:36:16","date_gmt":"2026-01-22T20:36:16","guid":{"rendered":"https:\/\/aubertin.fr\/?p=4241"},"modified":"2026-01-22T21:36:17","modified_gmt":"2026-01-22T20:36:17","slug":"patisserie-nomade","status":"publish","type":"post","link":"https:\/\/aubertin.fr\/index.php\/2026\/01\/22\/patisserie-nomade\/","title":{"rendered":"P\u00e2tisserie nomade"},"content":{"rendered":"\n<p>La&nbsp;MAISON GILLET &#8211; Boulangerie, P\u00e2tisserie nomade &#8211; vient \u00e0 votre rencontre avec son camion magasin&nbsp;\u00e0 Aubertin pour vous proposer p\u00e2tisseries, viennoiseries, pains et produits sal\u00e9s,&nbsp;\u00e0 partir de&nbsp;<strong>dimanche 25 janvier 2026<\/strong>,&nbsp;Place Bitaillou, de fa\u00e7on hebdomadaire,&nbsp;les:<\/p>\n\n\n\n<blockquote class=\"wp-block-quote is-layout-flow wp-block-quote-is-layout-flow\">\n<p>&#8211;&nbsp;<strong>vendredi apr\u00e8s midi&nbsp;de 13h30<\/strong><strong>&nbsp;\u00e0 15h30&nbsp;<\/strong><\/p>\n<\/blockquote>\n\n\n\n<blockquote class=\"wp-block-quote is-layout-flow wp-block-quote-is-layout-flow\">\n<p><strong>&#8211;&nbsp;dimanche matin&nbsp;de 7h \u00e0 9h30&nbsp;<\/strong><\/p>\n<\/blockquote>\n\n\n\n<p>l<\/p>\n\n\n\n<figure class=\"wp-block-image size-large\"><img loading=\"lazy\" decoding=\"async\" width=\"724\" height=\"1024\" src=\"http:\/\/aubertin.fr\/wp-content\/uploads\/2026\/01\/IMG_4138-724x1024.jpeg\" alt=\"\" class=\"wp-image-4242\" srcset=\"https:\/\/aubertin.fr\/wp-content\/uploads\/2026\/01\/IMG_4138-724x1024.jpeg 724w, https:\/\/aubertin.fr\/wp-content\/uploads\/2026\/01\/IMG_4138-212x300.jpeg 212w, https:\/\/aubertin.fr\/wp-content\/uploads\/2026\/01\/IMG_4138-768x1086.jpeg 768w, https:\/\/aubertin.fr\/wp-content\/uploads\/2026\/01\/IMG_4138-1086x1536.jpeg 1086w, https:\/\/aubertin.fr\/wp-content\/uploads\/2026\/01\/IMG_4138-555x785.jpeg 555w, https:\/\/aubertin.fr\/wp-content\/uploads\/2026\/01\/IMG_4138.jpeg 1240w\" sizes=\"auto, (max-width: 724px) 100vw, 724px\" \/><\/figure>\n","protected":false},"excerpt":{"rendered":"<p>La&nbsp;MAISON GILLET &#8211; Boulangerie, P\u00e2tisserie nomade &#8211; vient \u00e0 votre rencontre avec son camion magasin&nbsp;\u00e0 Aubertin pour vous proposer p\u00e2tisseries, viennoiseries, pains et produits sal\u00e9s,&nbsp;\u00e0 partir de&nbsp;dimanche 25 janvier 2026,&nbsp;Place Bitaillou, de fa\u00e7on hebdomadaire,&nbsp;les: &#8211;&nbsp;vendredi apr\u00e8s midi&nbsp;de 13h30&nbsp;\u00e0 15h30&nbsp; &#8211;&nbsp;dimanche matin&nbsp;de 7h \u00e0 9h30&nbsp; l<\/p>\n","protected":false},"author":3,"featured_media":4242,"comment_status":"closed","ping_status":"closed","sticky":false,"template":"","format":"standard","meta":{"footnotes":""},"categories":[1],"tags":[],"class_list":["post-4241","post","type-post","status-publish","format-standard","has-post-thumbnail","hentry","category-non-classe","item-wrap"],"_links":{"self":[{"href":"https:\/\/aubertin.fr\/index.php\/wp-json\/wp\/v2\/posts\/4241","targetHints":{"allow":["GET"]}}],"collection":[{"href":"https:\/\/aubertin.fr\/index.php\/wp-json\/wp\/v2\/posts"}],"about":[{"href":"https:\/\/aubertin.fr\/index.php\/wp-json\/wp\/v2\/types\/post"}],"author":[{"embeddable":true,"href":"https:\/\/aubertin.fr\/index.php\/wp-json\/wp\/v2\/users\/3"}],"replies":[{"embeddable":true,"href":"https:\/\/aubertin.fr\/index.php\/wp-json\/wp\/v2\/comments?post=4241"}],"version-history":[{"count":1,"href":"https:\/\/aubertin.fr\/index.php\/wp-json\/wp\/v2\/posts\/4241\/revisions"}],"predecessor-version":[{"id":4243,"href":"https:\/\/aubertin.fr\/index.php\/wp-json\/wp\/v2\/posts\/4241\/revisions\/4243"}],"wp:featuredmedia":[{"embeddable":true,"href":"https:\/\/aubertin.fr\/index.php\/wp-json\/wp\/v2\/media\/4242"}],"wp:attachment":[{"href":"https:\/\/aubertin.fr\/index.php\/wp-json\/wp\/v2\/media?parent=4241"}],"wp:term":[{"taxonomy":"category","embeddable":true,"href":"https:\/\/aubertin.fr\/index.php\/wp-json\/wp\/v2\/categories?post=4241"},{"taxonomy":"post_tag","embeddable":true,"href":"https:\/\/aubertin.fr\/index.php\/wp-json\/wp\/v2\/tags?post=4241"}],"curies":[{"name":"wp","href":"https:\/\/api.w.org\/{rel}","templated":true}]}}