{"id":4250,"date":"2026-01-28T09:01:17","date_gmt":"2026-01-28T08:01:17","guid":{"rendered":"https:\/\/aubertin.fr\/?p=4250"},"modified":"2026-01-28T09:01:17","modified_gmt":"2026-01-28T08:01:17","slug":"omission-dune-transcription-de-deces","status":"publish","type":"post","link":"https:\/\/aubertin.fr\/index.php\/2026\/01\/28\/omission-dune-transcription-de-deces\/","title":{"rendered":"Omission d\u2019une transcription de d\u00e9c\u00e8s"},"content":{"rendered":"\n<p>Lors de l\u2019\u00e9laboration du bulletin, une erreur a \u00e9t\u00e9 commise et je tiens \u00e0 pr\u00e9senter mes sinc\u00e8res excuses \u00e0 la famille concern\u00e9e.<\/p>\n\n\n\n<p>Cela concerne le d\u00e9c\u00e8s de Monsieur P\u00c9DELACQ Marcel, d\u00e9c\u00e9d\u00e9 le 15.11.2025. Cette erreur est li\u00e9e \u00e0 l\u2019absence de demande de transcription qui ne nous est malheureusement pas parvenue.&nbsp;<\/p>\n\n\n\n<p>Cette absence de transmission a conduit \u00e0 ce que le d\u00e9c\u00e8s ne soit pas inscrit dans les documents communaux au moment opportun.&nbsp;<\/p>\n\n\n\n<p>Je regrette profond\u00e9ment ce manquement et, \u00e0 l\u2019avenir, nous serrons plus vigilant afin d\u2019\u00e9viter qu\u2019une telle situation ne se reproduise.<\/p>\n\n\n\n<p>Je vous remercie de votre compr\u00e9hension.<\/p>\n\n\n\n<p>Le Maire, Martine RODRIGUEZ<\/p>\n","protected":false},"excerpt":{"rendered":"<p>Lors de l\u2019\u00e9laboration du bulletin, une erreur a \u00e9t\u00e9 commise et je tiens \u00e0 pr\u00e9senter mes sinc\u00e8res excuses \u00e0 la famille concern\u00e9e. Cela concerne le d\u00e9c\u00e8s de Monsieur P\u00c9DELACQ Marcel, d\u00e9c\u00e9d\u00e9 le 15.11.2025. Cette erreur est li\u00e9e \u00e0 l\u2019absence de demande de transcription qui ne nous est malheureusement pas parvenue.&nbsp; Cette absence de transmission a &hellip; <\/p>\n<p><a class=\"more-link btn\" href=\"https:\/\/aubertin.fr\/index.php\/2026\/01\/28\/omission-dune-transcription-de-deces\/\">Lire la suite<\/a><\/p>\n","protected":false},"author":3,"featured_media":0,"comment_status":"closed","ping_status":"closed","sticky":false,"template":"","format":"standard","meta":{"footnotes":""},"categories":[1],"tags":[],"class_list":["post-4250","post","type-post","status-publish","format-standard","hentry","category-non-classe","item-wrap"],"_links":{"self":[{"href":"https:\/\/aubertin.fr\/index.php\/wp-json\/wp\/v2\/posts\/4250","targetHints":{"allow":["GET"]}}],"collection":[{"href":"https:\/\/aubertin.fr\/index.php\/wp-json\/wp\/v2\/posts"}],"about":[{"href":"https:\/\/aubertin.fr\/index.php\/wp-json\/wp\/v2\/types\/post"}],"author":[{"embeddable":true,"href":"https:\/\/aubertin.fr\/index.php\/wp-json\/wp\/v2\/users\/3"}],"replies":[{"embeddable":true,"href":"https:\/\/aubertin.fr\/index.php\/wp-json\/wp\/v2\/comments?post=4250"}],"version-history":[{"count":1,"href":"https:\/\/aubertin.fr\/index.php\/wp-json\/wp\/v2\/posts\/4250\/revisions"}],"predecessor-version":[{"id":4251,"href":"https:\/\/aubertin.fr\/index.php\/wp-json\/wp\/v2\/posts\/4250\/revisions\/4251"}],"wp:attachment":[{"href":"https:\/\/aubertin.fr\/index.php\/wp-json\/wp\/v2\/media?parent=4250"}],"wp:term":[{"taxonomy":"category","embeddable":true,"href":"https:\/\/aubertin.fr\/index.php\/wp-json\/wp\/v2\/categories?post=4250"},{"taxonomy":"post_tag","embeddable":true,"href":"https:\/\/aubertin.fr\/index.php\/wp-json\/wp\/v2\/tags?post=4250"}],"curies":[{"name":"wp","href":"https:\/\/api.w.org\/{rel}","templated":true}]}}