{"id":4570,"date":"2026-04-25T13:29:13","date_gmt":"2026-04-25T11:29:13","guid":{"rendered":"https:\/\/aubertin.fr\/?p=4570"},"modified":"2026-04-25T13:29:13","modified_gmt":"2026-04-25T11:29:13","slug":"theatre-a-aubertin-le-26-avril-a-14h45","status":"publish","type":"post","link":"https:\/\/aubertin.fr\/index.php\/2026\/04\/25\/theatre-a-aubertin-le-26-avril-a-14h45\/","title":{"rendered":"Th\u00e9\u00e2tre \u00e0 Aubertin le 26 avril \u00e0 14h45"},"content":{"rendered":"\n<p>La troupe de th\u00e9\u00e2tre d\u2019Aubertin \u00ab S\u00e9rieux s\u2019abstenir \u00bb pr\u00e9sentera son nouveau spectacle <em>Quand le train-train d\u00e9raille<\/em> le dimanche 26 avril \u00e0 14h45, \u00e0 la Maison pour tous.<\/p>\n\n\n\n<p>Ce spectacle est compos\u00e9 de plusieurs sayn\u00e8tes interpr\u00e9t\u00e9es par quatre com\u00e9diens : Jean-Pierre Foulon, Michelle Bonnet, Michel Bonnet et Eric Aubry.<\/p>\n\n\n\n<p>L\u2019entr\u00e9e est \u00e0 participation libre.<\/p>\n","protected":false},"excerpt":{"rendered":"<p>La troupe de th\u00e9\u00e2tre d\u2019Aubertin \u00ab S\u00e9rieux s\u2019abstenir \u00bb pr\u00e9sentera son nouveau spectacle Quand le train-train d\u00e9raille le dimanche 26 avril \u00e0 14h45, \u00e0 la Maison pour tous. Ce spectacle est compos\u00e9 de plusieurs sayn\u00e8tes interpr\u00e9t\u00e9es par quatre com\u00e9diens : Jean-Pierre Foulon, Michelle Bonnet, Michel Bonnet et Eric Aubry. L\u2019entr\u00e9e est \u00e0 participation libre.<\/p>\n","protected":false},"author":3,"featured_media":4398,"comment_status":"closed","ping_status":"closed","sticky":false,"template":"","format":"standard","meta":{"footnotes":""},"categories":[1],"tags":[],"class_list":["post-4570","post","type-post","status-publish","format-standard","has-post-thumbnail","hentry","category-non-classe","item-wrap"],"_links":{"self":[{"href":"https:\/\/aubertin.fr\/index.php\/wp-json\/wp\/v2\/posts\/4570","targetHints":{"allow":["GET"]}}],"collection":[{"href":"https:\/\/aubertin.fr\/index.php\/wp-json\/wp\/v2\/posts"}],"about":[{"href":"https:\/\/aubertin.fr\/index.php\/wp-json\/wp\/v2\/types\/post"}],"author":[{"embeddable":true,"href":"https:\/\/aubertin.fr\/index.php\/wp-json\/wp\/v2\/users\/3"}],"replies":[{"embeddable":true,"href":"https:\/\/aubertin.fr\/index.php\/wp-json\/wp\/v2\/comments?post=4570"}],"version-history":[{"count":1,"href":"https:\/\/aubertin.fr\/index.php\/wp-json\/wp\/v2\/posts\/4570\/revisions"}],"predecessor-version":[{"id":4571,"href":"https:\/\/aubertin.fr\/index.php\/wp-json\/wp\/v2\/posts\/4570\/revisions\/4571"}],"wp:featuredmedia":[{"embeddable":true,"href":"https:\/\/aubertin.fr\/index.php\/wp-json\/wp\/v2\/media\/4398"}],"wp:attachment":[{"href":"https:\/\/aubertin.fr\/index.php\/wp-json\/wp\/v2\/media?parent=4570"}],"wp:term":[{"taxonomy":"category","embeddable":true,"href":"https:\/\/aubertin.fr\/index.php\/wp-json\/wp\/v2\/categories?post=4570"},{"taxonomy":"post_tag","embeddable":true,"href":"https:\/\/aubertin.fr\/index.php\/wp-json\/wp\/v2\/tags?post=4570"}],"curies":[{"name":"wp","href":"https:\/\/api.w.org\/{rel}","templated":true}]}}