{"id":4573,"date":"2026-04-26T15:30:00","date_gmt":"2026-04-26T13:30:00","guid":{"rendered":"https:\/\/aubertin.fr\/?p=4573"},"modified":"2026-04-25T19:55:44","modified_gmt":"2026-04-25T17:55:44","slug":"reunions-publiques-transition-energetique-a-lasseube","status":"publish","type":"post","link":"https:\/\/aubertin.fr\/index.php\/2026\/04\/26\/reunions-publiques-transition-energetique-a-lasseube\/","title":{"rendered":"R\u00e9unions publiques &#8211; Transition \u00e9nerg\u00e9tique \u00e0 Lasseube"},"content":{"rendered":"\n<p><strong>R\u00e9unions publiques \u2013 Transition \u00e9nerg\u00e9tique \u00e0<\/strong><\/p>\n\n\n\n<p>La commune de Lasseube s\u2019engage dans une nouvelle \u00e9tape de sa transition \u00e9nerg\u00e9tique en invitant les habitants \u00e0 participer \u00e0 la cr\u00e9ation d\u2019un collectif citoyen d\u00e9di\u00e9 \u00e0 une \u00e9lectricit\u00e9 100 % locale et renouvelable.<\/p>\n\n\n\n<p>Deux rendez-vous ouverts \u00e0 tous sont propos\u00e9s :<\/p>\n\n\n\n<p><strong>Mardi 5 mai 2026 \u00e0 18h30 \u2013 Cin\u00e9-d\u00e9bat<\/strong><br>Projection du documentaire <em>\u00ab Le lien et l\u2019\u00e9tincelle \u00bb<\/em>, suivie d\u2019un temps d\u2019\u00e9change. La soir\u00e9e se cl\u00f4turera par un moment convivial.<\/p>\n\n\n\n<p><strong>Vendredi 29 mai 2026 \u00e0 18h30 \u2013 R\u00e9union de lancement du collectif<\/strong><br>Pr\u00e9sentation des \u00e9nergies renouvelables et des modalit\u00e9s de mise en place d\u2019un projet citoyen, suivie d\u2019un temps convivial.<\/p>\n\n\n\n<p>\ud83d\udccd Lieu : Maison pour tous \u2013 1 bis rue Edouard Labat, 64290 Lasseube<\/p>\n\n\n\n<p>Ces rencontres constituent une opportunit\u00e9 pour les habitants de s\u2019informer, d\u2019\u00e9changer et de s\u2019impliquer concr\u00e8tement dans un projet local en faveur de la transition \u00e9nerg\u00e9tique.<\/p>\n\n\n\n<p><\/p>\n","protected":false},"excerpt":{"rendered":"<p>R\u00e9unions publiques \u2013 Transition \u00e9nerg\u00e9tique \u00e0 La commune de Lasseube s\u2019engage dans une nouvelle \u00e9tape de sa transition \u00e9nerg\u00e9tique en invitant les habitants \u00e0 participer \u00e0 la cr\u00e9ation d\u2019un collectif citoyen d\u00e9di\u00e9 \u00e0 une \u00e9lectricit\u00e9 100 % locale et renouvelable. Deux rendez-vous ouverts \u00e0 tous sont propos\u00e9s : Mardi 5 mai 2026 \u00e0 18h30 \u2013 &hellip; <\/p>\n<p><a class=\"more-link btn\" href=\"https:\/\/aubertin.fr\/index.php\/2026\/04\/26\/reunions-publiques-transition-energetique-a-lasseube\/\">Lire la suite<\/a><\/p>\n","protected":false},"author":3,"featured_media":4572,"comment_status":"closed","ping_status":"closed","sticky":false,"template":"","format":"standard","meta":{"footnotes":""},"categories":[1],"tags":[],"class_list":["post-4573","post","type-post","status-publish","format-standard","has-post-thumbnail","hentry","category-non-classe","item-wrap"],"_links":{"self":[{"href":"https:\/\/aubertin.fr\/index.php\/wp-json\/wp\/v2\/posts\/4573","targetHints":{"allow":["GET"]}}],"collection":[{"href":"https:\/\/aubertin.fr\/index.php\/wp-json\/wp\/v2\/posts"}],"about":[{"href":"https:\/\/aubertin.fr\/index.php\/wp-json\/wp\/v2\/types\/post"}],"author":[{"embeddable":true,"href":"https:\/\/aubertin.fr\/index.php\/wp-json\/wp\/v2\/users\/3"}],"replies":[{"embeddable":true,"href":"https:\/\/aubertin.fr\/index.php\/wp-json\/wp\/v2\/comments?post=4573"}],"version-history":[{"count":1,"href":"https:\/\/aubertin.fr\/index.php\/wp-json\/wp\/v2\/posts\/4573\/revisions"}],"predecessor-version":[{"id":4574,"href":"https:\/\/aubertin.fr\/index.php\/wp-json\/wp\/v2\/posts\/4573\/revisions\/4574"}],"wp:featuredmedia":[{"embeddable":true,"href":"https:\/\/aubertin.fr\/index.php\/wp-json\/wp\/v2\/media\/4572"}],"wp:attachment":[{"href":"https:\/\/aubertin.fr\/index.php\/wp-json\/wp\/v2\/media?parent=4573"}],"wp:term":[{"taxonomy":"category","embeddable":true,"href":"https:\/\/aubertin.fr\/index.php\/wp-json\/wp\/v2\/categories?post=4573"},{"taxonomy":"post_tag","embeddable":true,"href":"https:\/\/aubertin.fr\/index.php\/wp-json\/wp\/v2\/tags?post=4573"}],"curies":[{"name":"wp","href":"https:\/\/api.w.org\/{rel}","templated":true}]}}