{"id":4602,"date":"2026-04-28T07:00:00","date_gmt":"2026-04-28T05:00:00","guid":{"rendered":"https:\/\/aubertin.fr\/?p=4602"},"modified":"2026-04-28T06:18:54","modified_gmt":"2026-04-28T04:18:54","slug":"le-sivom-lile-aux-enfants-recrute-une-volontaire-en-service-civique","status":"publish","type":"post","link":"https:\/\/aubertin.fr\/index.php\/2026\/04\/28\/le-sivom-lile-aux-enfants-recrute-une-volontaire-en-service-civique\/","title":{"rendered":"Le SIVOM \u201cL\u2019\u00eele aux enfants\u201d recrute un(e) volontaire en service civique"},"content":{"rendered":"\n<p>Le SIVOM \u201cL\u2019\u00eele aux enfants\u201d, situ\u00e9 \u00e0 Artiguelouve, recherche un(e) volontaire en service civique pour accompagner ses actions d\u2019animation aupr\u00e8s des enfants, autour des th\u00e9matiques de la biodiversit\u00e9 et de la transition \u00e9cologique.<\/p>\n\n\n\n<p>Cette mission, d\u2019une dur\u00e9e hebdomadaire de 24 heures, s\u2019inscrit dans une d\u00e9marche p\u00e9dagogique visant \u00e0 sensibiliser les plus jeunes aux enjeux environnementaux et au d\u00e9veloppement durable.<\/p>\n\n\n\n<p>Le ou la volontaire participera \u00e0 la mise en place et \u00e0 l\u2019animation d\u2019activit\u00e9s \u00e9ducatives, en lien avec les \u00e9quipes en place.<\/p>\n\n\n\n<p><strong>Informations pratiques :<\/strong><br>SIVOM \u201cL\u2019\u00eele aux enfants\u201d<br>250 chemin des \u00c9coles \u2013 64230 Artiguelouve<br>T\u00e9l. : 05 59 83 02 24<\/p>\n\n\n\n<p>Les personnes int\u00e9ress\u00e9es sont invit\u00e9es \u00e0 se rapprocher du SIVOM pour obtenir davantage de renseignements ou d\u00e9poser leur candidature.<\/p>\n\n\n\n<figure class=\"wp-block-image size-large\"><img loading=\"lazy\" decoding=\"async\" width=\"724\" height=\"1024\" src=\"http:\/\/aubertin.fr\/wp-content\/uploads\/2026\/04\/IMG_5862-724x1024.png\" alt=\"\" class=\"wp-image-4603\" srcset=\"https:\/\/aubertin.fr\/wp-content\/uploads\/2026\/04\/IMG_5862-724x1024.png 724w, https:\/\/aubertin.fr\/wp-content\/uploads\/2026\/04\/IMG_5862-212x300.png 212w, https:\/\/aubertin.fr\/wp-content\/uploads\/2026\/04\/IMG_5862-768x1086.png 768w, https:\/\/aubertin.fr\/wp-content\/uploads\/2026\/04\/IMG_5862-1086x1536.png 1086w, https:\/\/aubertin.fr\/wp-content\/uploads\/2026\/04\/IMG_5862-555x785.png 555w, https:\/\/aubertin.fr\/wp-content\/uploads\/2026\/04\/IMG_5862.png 1414w\" sizes=\"auto, (max-width: 724px) 100vw, 724px\" \/><\/figure>\n","protected":false},"excerpt":{"rendered":"<p>Le SIVOM \u201cL\u2019\u00eele aux enfants\u201d, situ\u00e9 \u00e0 Artiguelouve, recherche un(e) volontaire en service civique pour accompagner ses actions d\u2019animation aupr\u00e8s des enfants, autour des th\u00e9matiques de la biodiversit\u00e9 et de la transition \u00e9cologique. Cette mission, d\u2019une dur\u00e9e hebdomadaire de 24 heures, s\u2019inscrit dans une d\u00e9marche p\u00e9dagogique visant \u00e0 sensibiliser les plus jeunes aux enjeux environnementaux &hellip; <\/p>\n<p><a class=\"more-link btn\" href=\"https:\/\/aubertin.fr\/index.php\/2026\/04\/28\/le-sivom-lile-aux-enfants-recrute-une-volontaire-en-service-civique\/\">Lire la suite<\/a><\/p>\n","protected":false},"author":3,"featured_media":4603,"comment_status":"closed","ping_status":"closed","sticky":false,"template":"","format":"standard","meta":{"footnotes":""},"categories":[1],"tags":[],"class_list":["post-4602","post","type-post","status-publish","format-standard","has-post-thumbnail","hentry","category-non-classe","item-wrap"],"_links":{"self":[{"href":"https:\/\/aubertin.fr\/index.php\/wp-json\/wp\/v2\/posts\/4602","targetHints":{"allow":["GET"]}}],"collection":[{"href":"https:\/\/aubertin.fr\/index.php\/wp-json\/wp\/v2\/posts"}],"about":[{"href":"https:\/\/aubertin.fr\/index.php\/wp-json\/wp\/v2\/types\/post"}],"author":[{"embeddable":true,"href":"https:\/\/aubertin.fr\/index.php\/wp-json\/wp\/v2\/users\/3"}],"replies":[{"embeddable":true,"href":"https:\/\/aubertin.fr\/index.php\/wp-json\/wp\/v2\/comments?post=4602"}],"version-history":[{"count":1,"href":"https:\/\/aubertin.fr\/index.php\/wp-json\/wp\/v2\/posts\/4602\/revisions"}],"predecessor-version":[{"id":4604,"href":"https:\/\/aubertin.fr\/index.php\/wp-json\/wp\/v2\/posts\/4602\/revisions\/4604"}],"wp:featuredmedia":[{"embeddable":true,"href":"https:\/\/aubertin.fr\/index.php\/wp-json\/wp\/v2\/media\/4603"}],"wp:attachment":[{"href":"https:\/\/aubertin.fr\/index.php\/wp-json\/wp\/v2\/media?parent=4602"}],"wp:term":[{"taxonomy":"category","embeddable":true,"href":"https:\/\/aubertin.fr\/index.php\/wp-json\/wp\/v2\/categories?post=4602"},{"taxonomy":"post_tag","embeddable":true,"href":"https:\/\/aubertin.fr\/index.php\/wp-json\/wp\/v2\/tags?post=4602"}],"curies":[{"name":"wp","href":"https:\/\/api.w.org\/{rel}","templated":true}]}}