{"id":4609,"date":"2026-04-30T11:39:13","date_gmt":"2026-04-30T09:39:13","guid":{"rendered":"https:\/\/aubertin.fr\/?p=4609"},"modified":"2026-04-30T11:39:14","modified_gmt":"2026-04-30T09:39:14","slug":"vigilance-meteorologique-jaune-orages-avec-enjeu-local","status":"publish","type":"post","link":"https:\/\/aubertin.fr\/index.php\/2026\/04\/30\/vigilance-meteorologique-jaune-orages-avec-enjeu-local\/","title":{"rendered":"Vigilance m\u00e9t\u00e9orologique jaune \u2013 Orages avec enjeu local"},"content":{"rendered":"\n<p>La Pr\u00e9fecture des Pyr\u00e9n\u00e9es-Atlantiques informe le d\u00e9partement du passage en vigilance m\u00e9t\u00e9orologique jaune pour risque d\u2019orages, ce <strong>jeudi 30 avril 2026<\/strong>.<\/p>\n\n\n\n<figure class=\"wp-block-image size-full\"><img loading=\"lazy\" decoding=\"async\" width=\"1240\" height=\"1754\" src=\"http:\/\/aubertin.fr\/wp-content\/uploads\/2026\/04\/IMG_5894.jpeg\" alt=\"\" class=\"wp-image-4610\" srcset=\"https:\/\/aubertin.fr\/wp-content\/uploads\/2026\/04\/IMG_5894.jpeg 1240w, https:\/\/aubertin.fr\/wp-content\/uploads\/2026\/04\/IMG_5894-212x300.jpeg 212w, https:\/\/aubertin.fr\/wp-content\/uploads\/2026\/04\/IMG_5894-724x1024.jpeg 724w, https:\/\/aubertin.fr\/wp-content\/uploads\/2026\/04\/IMG_5894-768x1086.jpeg 768w, https:\/\/aubertin.fr\/wp-content\/uploads\/2026\/04\/IMG_5894-1086x1536.jpeg 1086w, https:\/\/aubertin.fr\/wp-content\/uploads\/2026\/04\/IMG_5894-555x785.jpeg 555w\" sizes=\"auto, (max-width: 1240px) 100vw, 1240px\" \/><\/figure>\n\n\n\n<p><br><\/p>\n\n\n\n<figure class=\"wp-block-image size-large\"><img loading=\"lazy\" decoding=\"async\" width=\"724\" height=\"1024\" src=\"http:\/\/aubertin.fr\/wp-content\/uploads\/2026\/04\/IMG_5895-724x1024.jpeg\" alt=\"\" class=\"wp-image-4611\" srcset=\"https:\/\/aubertin.fr\/wp-content\/uploads\/2026\/04\/IMG_5895-724x1024.jpeg 724w, https:\/\/aubertin.fr\/wp-content\/uploads\/2026\/04\/IMG_5895-212x300.jpeg 212w, https:\/\/aubertin.fr\/wp-content\/uploads\/2026\/04\/IMG_5895-768x1086.jpeg 768w, https:\/\/aubertin.fr\/wp-content\/uploads\/2026\/04\/IMG_5895-1086x1536.jpeg 1086w, https:\/\/aubertin.fr\/wp-content\/uploads\/2026\/04\/IMG_5895-555x785.jpeg 555w, https:\/\/aubertin.fr\/wp-content\/uploads\/2026\/04\/IMG_5895.jpeg 1240w\" sizes=\"auto, (max-width: 724px) 100vw, 724px\" \/><\/figure>\n","protected":false},"excerpt":{"rendered":"<p>La Pr\u00e9fecture des Pyr\u00e9n\u00e9es-Atlantiques informe le d\u00e9partement du passage en vigilance m\u00e9t\u00e9orologique jaune pour risque d\u2019orages, ce jeudi 30 avril 2026.<\/p>\n","protected":false},"author":3,"featured_media":4614,"comment_status":"closed","ping_status":"closed","sticky":false,"template":"","format":"standard","meta":{"footnotes":""},"categories":[1],"tags":[],"class_list":["post-4609","post","type-post","status-publish","format-standard","has-post-thumbnail","hentry","category-non-classe","item-wrap"],"_links":{"self":[{"href":"https:\/\/aubertin.fr\/index.php\/wp-json\/wp\/v2\/posts\/4609","targetHints":{"allow":["GET"]}}],"collection":[{"href":"https:\/\/aubertin.fr\/index.php\/wp-json\/wp\/v2\/posts"}],"about":[{"href":"https:\/\/aubertin.fr\/index.php\/wp-json\/wp\/v2\/types\/post"}],"author":[{"embeddable":true,"href":"https:\/\/aubertin.fr\/index.php\/wp-json\/wp\/v2\/users\/3"}],"replies":[{"embeddable":true,"href":"https:\/\/aubertin.fr\/index.php\/wp-json\/wp\/v2\/comments?post=4609"}],"version-history":[{"count":1,"href":"https:\/\/aubertin.fr\/index.php\/wp-json\/wp\/v2\/posts\/4609\/revisions"}],"predecessor-version":[{"id":4615,"href":"https:\/\/aubertin.fr\/index.php\/wp-json\/wp\/v2\/posts\/4609\/revisions\/4615"}],"wp:featuredmedia":[{"embeddable":true,"href":"https:\/\/aubertin.fr\/index.php\/wp-json\/wp\/v2\/media\/4614"}],"wp:attachment":[{"href":"https:\/\/aubertin.fr\/index.php\/wp-json\/wp\/v2\/media?parent=4609"}],"wp:term":[{"taxonomy":"category","embeddable":true,"href":"https:\/\/aubertin.fr\/index.php\/wp-json\/wp\/v2\/categories?post=4609"},{"taxonomy":"post_tag","embeddable":true,"href":"https:\/\/aubertin.fr\/index.php\/wp-json\/wp\/v2\/tags?post=4609"}],"curies":[{"name":"wp","href":"https:\/\/api.w.org\/{rel}","templated":true}]}}