{"id":4620,"date":"2026-05-01T10:10:59","date_gmt":"2026-05-01T08:10:59","guid":{"rendered":"https:\/\/aubertin.fr\/?p=4620"},"modified":"2026-05-01T10:11:00","modified_gmt":"2026-05-01T08:11:00","slug":"votre-muguet-du-1er-mai","status":"publish","type":"post","link":"https:\/\/aubertin.fr\/index.php\/2026\/05\/01\/votre-muguet-du-1er-mai\/","title":{"rendered":"Votre muguet du 1er mai"},"content":{"rendered":"\n<p>\u00c0 l\u2019occasion du 1er mai, f\u00eate du Travail et symbole de partage et de solidarit\u00e9, l\u2019association La GASPE organise une vente de muguet sur la place Bitaillou.<\/p>\n\n\n\n<p>La GASPE est l\u2019association des parents d\u2019\u00e9l\u00e8ves des \u00e9coles d\u2019Aubertin et de Saint-Faust, engag\u00e9e dans le soutien aux projets scolaires et aux activit\u00e9s des enfants.<\/p>\n\n\n\n<p>Am\u00e9lie vous accueillera jusqu\u2019\u00e0 midi pour vous proposer du muguet, traditionnel porte-bonheur, \u00e0 offrir ou \u00e0 s\u2019offrir.<\/p>\n\n\n\n<p>Elle vous attend nombreux pour partager ce moment convivial et soutenir les actions de l\u2019association.<\/p>\n\n\n\n<p>Nous vous attendons sur la place Bitaillou.<\/p>\n\n\n\n<figure class=\"wp-block-image size-large\"><img loading=\"lazy\" decoding=\"async\" width=\"1024\" height=\"768\" src=\"http:\/\/aubertin.fr\/wp-content\/uploads\/2026\/05\/IMG_5906-1024x768.jpeg\" alt=\"\" class=\"wp-image-4621\" srcset=\"https:\/\/aubertin.fr\/wp-content\/uploads\/2026\/05\/IMG_5906-1024x768.jpeg 1024w, https:\/\/aubertin.fr\/wp-content\/uploads\/2026\/05\/IMG_5906-300x225.jpeg 300w, https:\/\/aubertin.fr\/wp-content\/uploads\/2026\/05\/IMG_5906-768x576.jpeg 768w, https:\/\/aubertin.fr\/wp-content\/uploads\/2026\/05\/IMG_5906-1536x1152.jpeg 1536w, https:\/\/aubertin.fr\/wp-content\/uploads\/2026\/05\/IMG_5906-2048x1536.jpeg 2048w, https:\/\/aubertin.fr\/wp-content\/uploads\/2026\/05\/IMG_5906-555x416.jpeg 555w\" sizes=\"auto, (max-width: 1024px) 100vw, 1024px\" \/><\/figure>\n","protected":false},"excerpt":{"rendered":"<p>\u00c0 l\u2019occasion du 1er mai, f\u00eate du Travail et symbole de partage et de solidarit\u00e9, l\u2019association La GASPE organise une vente de muguet sur la place Bitaillou. La GASPE est l\u2019association des parents d\u2019\u00e9l\u00e8ves des \u00e9coles d\u2019Aubertin et de Saint-Faust, engag\u00e9e dans le soutien aux projets scolaires et aux activit\u00e9s des enfants. Am\u00e9lie vous accueillera &hellip; <\/p>\n<p><a class=\"more-link btn\" href=\"https:\/\/aubertin.fr\/index.php\/2026\/05\/01\/votre-muguet-du-1er-mai\/\">Lire la suite<\/a><\/p>\n","protected":false},"author":3,"featured_media":4621,"comment_status":"closed","ping_status":"closed","sticky":false,"template":"","format":"standard","meta":{"footnotes":""},"categories":[1],"tags":[],"class_list":["post-4620","post","type-post","status-publish","format-standard","has-post-thumbnail","hentry","category-non-classe","item-wrap"],"_links":{"self":[{"href":"https:\/\/aubertin.fr\/index.php\/wp-json\/wp\/v2\/posts\/4620","targetHints":{"allow":["GET"]}}],"collection":[{"href":"https:\/\/aubertin.fr\/index.php\/wp-json\/wp\/v2\/posts"}],"about":[{"href":"https:\/\/aubertin.fr\/index.php\/wp-json\/wp\/v2\/types\/post"}],"author":[{"embeddable":true,"href":"https:\/\/aubertin.fr\/index.php\/wp-json\/wp\/v2\/users\/3"}],"replies":[{"embeddable":true,"href":"https:\/\/aubertin.fr\/index.php\/wp-json\/wp\/v2\/comments?post=4620"}],"version-history":[{"count":1,"href":"https:\/\/aubertin.fr\/index.php\/wp-json\/wp\/v2\/posts\/4620\/revisions"}],"predecessor-version":[{"id":4622,"href":"https:\/\/aubertin.fr\/index.php\/wp-json\/wp\/v2\/posts\/4620\/revisions\/4622"}],"wp:featuredmedia":[{"embeddable":true,"href":"https:\/\/aubertin.fr\/index.php\/wp-json\/wp\/v2\/media\/4621"}],"wp:attachment":[{"href":"https:\/\/aubertin.fr\/index.php\/wp-json\/wp\/v2\/media?parent=4620"}],"wp:term":[{"taxonomy":"category","embeddable":true,"href":"https:\/\/aubertin.fr\/index.php\/wp-json\/wp\/v2\/categories?post=4620"},{"taxonomy":"post_tag","embeddable":true,"href":"https:\/\/aubertin.fr\/index.php\/wp-json\/wp\/v2\/tags?post=4620"}],"curies":[{"name":"wp","href":"https:\/\/api.w.org\/{rel}","templated":true}]}}