{"id":4624,"date":"2026-05-02T09:49:00","date_gmt":"2026-05-02T07:49:00","guid":{"rendered":"https:\/\/aubertin.fr\/?p=4624"},"modified":"2026-05-02T08:52:37","modified_gmt":"2026-05-02T06:52:37","slug":"le-conseiller-departementaux-rencontrent-le-nouveau-conseil","status":"publish","type":"post","link":"https:\/\/aubertin.fr\/index.php\/2026\/05\/02\/le-conseiller-departementaux-rencontrent-le-nouveau-conseil\/","title":{"rendered":"Le conseiller d\u00e9partementaux rencontrent le nouveau conseil."},"content":{"rendered":"\n<p>Dans le cadre de l\u2019installation du nouveau conseil municipal, Patrice Baduel et V\u00e9ronique Dehos sont venus \u00e0 la rencontre des \u00e9lus afin de leur pr\u00e9senter les actions men\u00e9es par le Conseil d\u00e9partemental en faveur de notre territoire.<\/p>\n\n\n\n<p>Cette rencontre a permis d\u2019expliquer concr\u00e8tement les dispositifs et accompagnements dont peut b\u00e9n\u00e9ficier notre commune, notamment \u00e0 travers diff\u00e9rents programmes d\u2019investissement et de soutien.<\/p>\n\n\n\n<p>Les \u00e9changes ont port\u00e9 sur plusieurs th\u00e9matiques essentielles mises en avant dans le bilan 2025, telles que :<\/p>\n\n\n\n<ul class=\"wp-block-list\">\n<li>les solidarit\u00e9s et l\u2019action sociale,<\/li>\n\n\n\n<li>le soutien aux communes et aux projets d\u2019am\u00e9nagement,<\/li>\n\n\n\n<li>l\u2019\u00e9ducation avec les coll\u00e8ges,<\/li>\n\n\n\n<li>le d\u00e9veloppement du sport, de la culture et de la vie associative,<\/li>\n\n\n\n<li>l\u2019agriculture et la transition environnementale.<\/li>\n<\/ul>\n\n\n\n<p>Cette pr\u00e9sentation a permis aux nouveaux \u00e9lus de mieux comprendre les leviers existants pour accompagner les projets communaux et r\u00e9pondre aux besoins des habitants.<\/p>\n\n\n\n<p>La municipalit\u00e9 remercie Mme Dehos et M. Baduel pour leur disponibilit\u00e9 et la qualit\u00e9 de leurs \u00e9changes avec les membres du conseil.<\/p>\n\n\n\n<figure class=\"wp-block-image size-full\"><img loading=\"lazy\" decoding=\"async\" width=\"454\" height=\"640\" src=\"http:\/\/aubertin.fr\/wp-content\/uploads\/2026\/05\/IMG_5871.jpeg\" alt=\"\" class=\"wp-image-4626\" srcset=\"https:\/\/aubertin.fr\/wp-content\/uploads\/2026\/05\/IMG_5871.jpeg 454w, https:\/\/aubertin.fr\/wp-content\/uploads\/2026\/05\/IMG_5871-213x300.jpeg 213w\" sizes=\"auto, (max-width: 454px) 100vw, 454px\" \/><\/figure>\n\n\n\n<figure class=\"wp-block-image size-full\"><img loading=\"lazy\" decoding=\"async\" width=\"454\" height=\"640\" src=\"http:\/\/aubertin.fr\/wp-content\/uploads\/2026\/05\/IMG_5872.jpeg\" alt=\"\" class=\"wp-image-4627\" srcset=\"https:\/\/aubertin.fr\/wp-content\/uploads\/2026\/05\/IMG_5872.jpeg 454w, https:\/\/aubertin.fr\/wp-content\/uploads\/2026\/05\/IMG_5872-213x300.jpeg 213w\" sizes=\"auto, (max-width: 454px) 100vw, 454px\" \/><\/figure>\n","protected":false},"excerpt":{"rendered":"<p>Dans le cadre de l\u2019installation du nouveau conseil municipal, Patrice Baduel et V\u00e9ronique Dehos sont venus \u00e0 la rencontre des \u00e9lus afin de leur pr\u00e9senter les actions men\u00e9es par le Conseil d\u00e9partemental en faveur de notre territoire. Cette rencontre a permis d\u2019expliquer concr\u00e8tement les dispositifs et accompagnements dont peut b\u00e9n\u00e9ficier notre commune, notamment \u00e0 travers &hellip; <\/p>\n<p><a class=\"more-link btn\" href=\"https:\/\/aubertin.fr\/index.php\/2026\/05\/02\/le-conseiller-departementaux-rencontrent-le-nouveau-conseil\/\">Lire la suite<\/a><\/p>\n","protected":false},"author":3,"featured_media":4625,"comment_status":"closed","ping_status":"closed","sticky":false,"template":"","format":"standard","meta":{"footnotes":""},"categories":[1],"tags":[],"class_list":["post-4624","post","type-post","status-publish","format-standard","has-post-thumbnail","hentry","category-non-classe","item-wrap"],"_links":{"self":[{"href":"https:\/\/aubertin.fr\/index.php\/wp-json\/wp\/v2\/posts\/4624","targetHints":{"allow":["GET"]}}],"collection":[{"href":"https:\/\/aubertin.fr\/index.php\/wp-json\/wp\/v2\/posts"}],"about":[{"href":"https:\/\/aubertin.fr\/index.php\/wp-json\/wp\/v2\/types\/post"}],"author":[{"embeddable":true,"href":"https:\/\/aubertin.fr\/index.php\/wp-json\/wp\/v2\/users\/3"}],"replies":[{"embeddable":true,"href":"https:\/\/aubertin.fr\/index.php\/wp-json\/wp\/v2\/comments?post=4624"}],"version-history":[{"count":1,"href":"https:\/\/aubertin.fr\/index.php\/wp-json\/wp\/v2\/posts\/4624\/revisions"}],"predecessor-version":[{"id":4628,"href":"https:\/\/aubertin.fr\/index.php\/wp-json\/wp\/v2\/posts\/4624\/revisions\/4628"}],"wp:featuredmedia":[{"embeddable":true,"href":"https:\/\/aubertin.fr\/index.php\/wp-json\/wp\/v2\/media\/4625"}],"wp:attachment":[{"href":"https:\/\/aubertin.fr\/index.php\/wp-json\/wp\/v2\/media?parent=4624"}],"wp:term":[{"taxonomy":"category","embeddable":true,"href":"https:\/\/aubertin.fr\/index.php\/wp-json\/wp\/v2\/categories?post=4624"},{"taxonomy":"post_tag","embeddable":true,"href":"https:\/\/aubertin.fr\/index.php\/wp-json\/wp\/v2\/tags?post=4624"}],"curies":[{"name":"wp","href":"https:\/\/api.w.org\/{rel}","templated":true}]}}