{"id":4629,"date":"2026-05-03T09:00:00","date_gmt":"2026-05-03T07:00:00","guid":{"rendered":"https:\/\/aubertin.fr\/?p=4629"},"modified":"2026-05-03T08:27:08","modified_gmt":"2026-05-03T06:27:08","slug":"lagence-paloise-de-services-aps-un-acteur-engage-pour-lemploi-local","status":"publish","type":"post","link":"https:\/\/aubertin.fr\/index.php\/2026\/05\/03\/lagence-paloise-de-services-aps-un-acteur-engage-pour-lemploi-local\/","title":{"rendered":"L\u2019Agence Paloise de Services (APS), un acteur engag\u00e9 pour l\u2019emploi local"},"content":{"rendered":"\n<p>Implant\u00e9e \u00e0 Pau depuis la fin des ann\u00e9es 1980, l\u2019Agence Paloise de Services (APS) est une association interm\u00e9diaire qui \u0153uvre en faveur de l\u2019insertion professionnelle des personnes \u00e9loign\u00e9es de l\u2019emploi.<\/p>\n\n\n\n<p>Conventionn\u00e9e par l\u2019\u00c9tat, APS accompagne des demandeurs d\u2019emploi en leur proposant des missions de travail aupr\u00e8s de particuliers, d\u2019associations et de collectivit\u00e9s. Son objectif : permettre un retour progressif \u00e0 l\u2019emploi gr\u00e2ce \u00e0 une activit\u00e9 salari\u00e9e et un accompagnement adapt\u00e9.<\/p>\n\n\n\n<p>L\u2019association intervient dans plusieurs domaines de services, tels que l\u2019entretien des locaux, le m\u00e9nage, le jardinage, la manutention ou encore le petit bricolage. Elle contribue ainsi \u00e0 r\u00e9pondre aux besoins du territoire tout en favorisant l\u2019inclusion sociale et professionnelle.<\/p>\n\n\n\n<p>Avec plusieurs dizaines de salari\u00e9s en parcours d\u2019insertion, APS constitue un acteur important de l\u2019\u00e9conomie sociale et solidaire sur le territoire paloise, en mettant en relation des comp\u00e9tences locales avec les besoins des habitants et des structures publiques ou priv\u00e9es.<\/p>\n\n\n\n<p>\ud83d\udc49 Pour en savoir plus : https:\/\/aps-pau.fr<\/p>\n\n\n\n<figure class=\"wp-block-image size-large\"><img loading=\"lazy\" decoding=\"async\" width=\"1024\" height=\"768\" src=\"http:\/\/aubertin.fr\/wp-content\/uploads\/2026\/05\/942b5a44-e05f-4b15-9cd4-45ca84864c26-1024x768.jpeg\" alt=\"\" class=\"wp-image-4630\" srcset=\"https:\/\/aubertin.fr\/wp-content\/uploads\/2026\/05\/942b5a44-e05f-4b15-9cd4-45ca84864c26-1024x768.jpeg 1024w, https:\/\/aubertin.fr\/wp-content\/uploads\/2026\/05\/942b5a44-e05f-4b15-9cd4-45ca84864c26-300x225.jpeg 300w, https:\/\/aubertin.fr\/wp-content\/uploads\/2026\/05\/942b5a44-e05f-4b15-9cd4-45ca84864c26-768x576.jpeg 768w, https:\/\/aubertin.fr\/wp-content\/uploads\/2026\/05\/942b5a44-e05f-4b15-9cd4-45ca84864c26-1536x1152.jpeg 1536w, https:\/\/aubertin.fr\/wp-content\/uploads\/2026\/05\/942b5a44-e05f-4b15-9cd4-45ca84864c26-555x416.jpeg 555w, https:\/\/aubertin.fr\/wp-content\/uploads\/2026\/05\/942b5a44-e05f-4b15-9cd4-45ca84864c26.jpeg 2000w\" sizes=\"auto, (max-width: 1024px) 100vw, 1024px\" \/><\/figure>\n","protected":false},"excerpt":{"rendered":"<p>Implant\u00e9e \u00e0 Pau depuis la fin des ann\u00e9es 1980, l\u2019Agence Paloise de Services (APS) est une association interm\u00e9diaire qui \u0153uvre en faveur de l\u2019insertion professionnelle des personnes \u00e9loign\u00e9es de l\u2019emploi. Conventionn\u00e9e par l\u2019\u00c9tat, APS accompagne des demandeurs d\u2019emploi en leur proposant des missions de travail aupr\u00e8s de particuliers, d\u2019associations et de collectivit\u00e9s. Son objectif : &hellip; <\/p>\n<p><a class=\"more-link btn\" href=\"https:\/\/aubertin.fr\/index.php\/2026\/05\/03\/lagence-paloise-de-services-aps-un-acteur-engage-pour-lemploi-local\/\">Lire la suite<\/a><\/p>\n","protected":false},"author":3,"featured_media":4630,"comment_status":"closed","ping_status":"closed","sticky":false,"template":"","format":"standard","meta":{"footnotes":""},"categories":[1],"tags":[],"class_list":["post-4629","post","type-post","status-publish","format-standard","has-post-thumbnail","hentry","category-non-classe","item-wrap"],"_links":{"self":[{"href":"https:\/\/aubertin.fr\/index.php\/wp-json\/wp\/v2\/posts\/4629","targetHints":{"allow":["GET"]}}],"collection":[{"href":"https:\/\/aubertin.fr\/index.php\/wp-json\/wp\/v2\/posts"}],"about":[{"href":"https:\/\/aubertin.fr\/index.php\/wp-json\/wp\/v2\/types\/post"}],"author":[{"embeddable":true,"href":"https:\/\/aubertin.fr\/index.php\/wp-json\/wp\/v2\/users\/3"}],"replies":[{"embeddable":true,"href":"https:\/\/aubertin.fr\/index.php\/wp-json\/wp\/v2\/comments?post=4629"}],"version-history":[{"count":1,"href":"https:\/\/aubertin.fr\/index.php\/wp-json\/wp\/v2\/posts\/4629\/revisions"}],"predecessor-version":[{"id":4631,"href":"https:\/\/aubertin.fr\/index.php\/wp-json\/wp\/v2\/posts\/4629\/revisions\/4631"}],"wp:featuredmedia":[{"embeddable":true,"href":"https:\/\/aubertin.fr\/index.php\/wp-json\/wp\/v2\/media\/4630"}],"wp:attachment":[{"href":"https:\/\/aubertin.fr\/index.php\/wp-json\/wp\/v2\/media?parent=4629"}],"wp:term":[{"taxonomy":"category","embeddable":true,"href":"https:\/\/aubertin.fr\/index.php\/wp-json\/wp\/v2\/categories?post=4629"},{"taxonomy":"post_tag","embeddable":true,"href":"https:\/\/aubertin.fr\/index.php\/wp-json\/wp\/v2\/tags?post=4629"}],"curies":[{"name":"wp","href":"https:\/\/api.w.org\/{rel}","templated":true}]}}