{"id":487,"date":"2022-10-19T06:27:41","date_gmt":"2022-10-19T04:27:41","guid":{"rendered":"http:\/\/aubertin.fr\/?p=487"},"modified":"2022-10-19T06:27:43","modified_gmt":"2022-10-19T04:27:43","slug":"concert-de-llanera-y-flamenca","status":"publish","type":"post","link":"https:\/\/aubertin.fr\/index.php\/2022\/10\/19\/concert-de-llanera-y-flamenca\/","title":{"rendered":"Concert\u00a0de\u00a0LLanera Y Flamenca\u00a0"},"content":{"rendered":"\n<p>Dimanche 16 octobre 2022 \u00e0 15 h,&nbsp;la commune d\u2019AUBERTIN a accueilli \u00e0 la Maison pour Tous, un concert de LLanera Y Flamenca.<\/p>\n\n\n\n<p>Ce concert a \u00e9t\u00e9 offert gracieusement par l\u2019Association AGORA de BILLERE,&nbsp;le Conseil D\u00e9partemental&nbsp;des Pyr\u00e9n\u00e9es-Atlantiqueset la commune d\u2019AUBERTIN.<\/p>\n\n\n\n<p>Il s\u2019agit d\u2019un duo de guitare flamenca et harpe LLanera&nbsp;que nous avons pu d\u00e9couvrir autour d\u2019un r\u00e9pertoire de musique Sud-am\u00e9ricaine et Espagnole mais \u00e9galement de flamenco.&nbsp;<\/p>\n\n\n\n<p>Un bon moment de plaisir et d\u2019\u00e9vasion pass\u00e9 en leur compagnie&nbsp;!<\/p>\n\n\n\n<figure class=\"wp-block-gallery has-nested-images columns-default is-cropped wp-block-gallery-1 is-layout-flex wp-block-gallery-is-layout-flex\">\n<figure class=\"wp-block-image size-large\"><img loading=\"lazy\" decoding=\"async\" width=\"1920\" height=\"2560\" data-id=\"486\" src=\"http:\/\/aubertin.fr\/wp-content\/uploads\/2022\/10\/0CE50981-FA48-4137-A783-06AABFA1EA83-scaled.jpeg\" alt=\"\" class=\"wp-image-486\" srcset=\"https:\/\/aubertin.fr\/wp-content\/uploads\/2022\/10\/0CE50981-FA48-4137-A783-06AABFA1EA83-scaled.jpeg 1920w, https:\/\/aubertin.fr\/wp-content\/uploads\/2022\/10\/0CE50981-FA48-4137-A783-06AABFA1EA83-225x300.jpeg 225w, https:\/\/aubertin.fr\/wp-content\/uploads\/2022\/10\/0CE50981-FA48-4137-A783-06AABFA1EA83-768x1024.jpeg 768w, https:\/\/aubertin.fr\/wp-content\/uploads\/2022\/10\/0CE50981-FA48-4137-A783-06AABFA1EA83-1152x1536.jpeg 1152w, https:\/\/aubertin.fr\/wp-content\/uploads\/2022\/10\/0CE50981-FA48-4137-A783-06AABFA1EA83-1536x2048.jpeg 1536w, https:\/\/aubertin.fr\/wp-content\/uploads\/2022\/10\/0CE50981-FA48-4137-A783-06AABFA1EA83-555x740.jpeg 555w\" sizes=\"auto, (max-width: 1920px) 100vw, 1920px\" \/><\/figure>\n\n\n\n<figure class=\"wp-block-image size-large\"><img loading=\"lazy\" decoding=\"async\" width=\"2560\" height=\"1920\" data-id=\"485\" src=\"http:\/\/aubertin.fr\/wp-content\/uploads\/2022\/10\/7E651787-F69C-41C8-8F93-8F4784F661D0-scaled.jpeg\" alt=\"\" class=\"wp-image-485\" srcset=\"https:\/\/aubertin.fr\/wp-content\/uploads\/2022\/10\/7E651787-F69C-41C8-8F93-8F4784F661D0-scaled.jpeg 2560w, https:\/\/aubertin.fr\/wp-content\/uploads\/2022\/10\/7E651787-F69C-41C8-8F93-8F4784F661D0-300x225.jpeg 300w, https:\/\/aubertin.fr\/wp-content\/uploads\/2022\/10\/7E651787-F69C-41C8-8F93-8F4784F661D0-1024x768.jpeg 1024w, https:\/\/aubertin.fr\/wp-content\/uploads\/2022\/10\/7E651787-F69C-41C8-8F93-8F4784F661D0-768x576.jpeg 768w, https:\/\/aubertin.fr\/wp-content\/uploads\/2022\/10\/7E651787-F69C-41C8-8F93-8F4784F661D0-1536x1152.jpeg 1536w, https:\/\/aubertin.fr\/wp-content\/uploads\/2022\/10\/7E651787-F69C-41C8-8F93-8F4784F661D0-2048x1536.jpeg 2048w, https:\/\/aubertin.fr\/wp-content\/uploads\/2022\/10\/7E651787-F69C-41C8-8F93-8F4784F661D0-555x416.jpeg 555w\" sizes=\"auto, (max-width: 2560px) 100vw, 2560px\" \/><\/figure>\n\n\n\n<figure class=\"wp-block-image size-large\"><img loading=\"lazy\" decoding=\"async\" width=\"2560\" height=\"1920\" data-id=\"484\" src=\"http:\/\/aubertin.fr\/wp-content\/uploads\/2022\/10\/F73E7903-D9C1-411C-A8E1-3643FF1811FA-scaled.jpeg\" alt=\"\" class=\"wp-image-484\" srcset=\"https:\/\/aubertin.fr\/wp-content\/uploads\/2022\/10\/F73E7903-D9C1-411C-A8E1-3643FF1811FA-scaled.jpeg 2560w, https:\/\/aubertin.fr\/wp-content\/uploads\/2022\/10\/F73E7903-D9C1-411C-A8E1-3643FF1811FA-300x225.jpeg 300w, https:\/\/aubertin.fr\/wp-content\/uploads\/2022\/10\/F73E7903-D9C1-411C-A8E1-3643FF1811FA-1024x768.jpeg 1024w, https:\/\/aubertin.fr\/wp-content\/uploads\/2022\/10\/F73E7903-D9C1-411C-A8E1-3643FF1811FA-768x576.jpeg 768w, https:\/\/aubertin.fr\/wp-content\/uploads\/2022\/10\/F73E7903-D9C1-411C-A8E1-3643FF1811FA-1536x1152.jpeg 1536w, https:\/\/aubertin.fr\/wp-content\/uploads\/2022\/10\/F73E7903-D9C1-411C-A8E1-3643FF1811FA-2048x1536.jpeg 2048w, https:\/\/aubertin.fr\/wp-content\/uploads\/2022\/10\/F73E7903-D9C1-411C-A8E1-3643FF1811FA-555x416.jpeg 555w\" sizes=\"auto, (max-width: 2560px) 100vw, 2560px\" \/><\/figure>\n\n\n\n<figure class=\"wp-block-image size-large\"><img loading=\"lazy\" decoding=\"async\" width=\"2560\" height=\"1920\" data-id=\"483\" src=\"http:\/\/aubertin.fr\/wp-content\/uploads\/2022\/10\/D4172C00-373D-4ACC-8160-6D416CAE2DFB-scaled.jpeg\" alt=\"\" class=\"wp-image-483\" srcset=\"https:\/\/aubertin.fr\/wp-content\/uploads\/2022\/10\/D4172C00-373D-4ACC-8160-6D416CAE2DFB-scaled.jpeg 2560w, https:\/\/aubertin.fr\/wp-content\/uploads\/2022\/10\/D4172C00-373D-4ACC-8160-6D416CAE2DFB-300x225.jpeg 300w, https:\/\/aubertin.fr\/wp-content\/uploads\/2022\/10\/D4172C00-373D-4ACC-8160-6D416CAE2DFB-1024x768.jpeg 1024w, https:\/\/aubertin.fr\/wp-content\/uploads\/2022\/10\/D4172C00-373D-4ACC-8160-6D416CAE2DFB-768x576.jpeg 768w, https:\/\/aubertin.fr\/wp-content\/uploads\/2022\/10\/D4172C00-373D-4ACC-8160-6D416CAE2DFB-1536x1152.jpeg 1536w, https:\/\/aubertin.fr\/wp-content\/uploads\/2022\/10\/D4172C00-373D-4ACC-8160-6D416CAE2DFB-2048x1536.jpeg 2048w, https:\/\/aubertin.fr\/wp-content\/uploads\/2022\/10\/D4172C00-373D-4ACC-8160-6D416CAE2DFB-555x416.jpeg 555w\" sizes=\"auto, (max-width: 2560px) 100vw, 2560px\" \/><\/figure>\n<\/figure>\n","protected":false},"excerpt":{"rendered":"<p>Dimanche 16 octobre 2022 \u00e0 15 h,&nbsp;la commune d\u2019AUBERTIN a accueilli \u00e0 la Maison pour Tous, un concert de LLanera Y Flamenca. Ce concert a \u00e9t\u00e9 offert gracieusement par l\u2019Association AGORA de BILLERE,&nbsp;le Conseil D\u00e9partemental&nbsp;des Pyr\u00e9n\u00e9es-Atlantiqueset la commune d\u2019AUBERTIN. Il s\u2019agit d\u2019un duo de guitare flamenca et harpe LLanera&nbsp;que nous avons pu d\u00e9couvrir autour d\u2019un &hellip; <\/p>\n<p><a class=\"more-link btn\" href=\"https:\/\/aubertin.fr\/index.php\/2022\/10\/19\/concert-de-llanera-y-flamenca\/\">Lire la suite<\/a><\/p>\n","protected":false},"author":3,"featured_media":485,"comment_status":"closed","ping_status":"closed","sticky":false,"template":"","format":"standard","meta":{"footnotes":""},"categories":[1],"tags":[],"class_list":["post-487","post","type-post","status-publish","format-standard","has-post-thumbnail","hentry","category-non-classe","item-wrap"],"_links":{"self":[{"href":"https:\/\/aubertin.fr\/index.php\/wp-json\/wp\/v2\/posts\/487","targetHints":{"allow":["GET"]}}],"collection":[{"href":"https:\/\/aubertin.fr\/index.php\/wp-json\/wp\/v2\/posts"}],"about":[{"href":"https:\/\/aubertin.fr\/index.php\/wp-json\/wp\/v2\/types\/post"}],"author":[{"embeddable":true,"href":"https:\/\/aubertin.fr\/index.php\/wp-json\/wp\/v2\/users\/3"}],"replies":[{"embeddable":true,"href":"https:\/\/aubertin.fr\/index.php\/wp-json\/wp\/v2\/comments?post=487"}],"version-history":[{"count":1,"href":"https:\/\/aubertin.fr\/index.php\/wp-json\/wp\/v2\/posts\/487\/revisions"}],"predecessor-version":[{"id":488,"href":"https:\/\/aubertin.fr\/index.php\/wp-json\/wp\/v2\/posts\/487\/revisions\/488"}],"wp:featuredmedia":[{"embeddable":true,"href":"https:\/\/aubertin.fr\/index.php\/wp-json\/wp\/v2\/media\/485"}],"wp:attachment":[{"href":"https:\/\/aubertin.fr\/index.php\/wp-json\/wp\/v2\/media?parent=487"}],"wp:term":[{"taxonomy":"category","embeddable":true,"href":"https:\/\/aubertin.fr\/index.php\/wp-json\/wp\/v2\/categories?post=487"},{"taxonomy":"post_tag","embeddable":true,"href":"https:\/\/aubertin.fr\/index.php\/wp-json\/wp\/v2\/tags?post=487"}],"curies":[{"name":"wp","href":"https:\/\/api.w.org\/{rel}","templated":true}]}}