{"id":508,"date":"2022-10-20T22:01:27","date_gmt":"2022-10-20T20:01:27","guid":{"rendered":"http:\/\/aubertin.fr\/?p=508"},"modified":"2022-10-20T22:02:21","modified_gmt":"2022-10-20T20:02:21","slug":"reunion-publique","status":"publish","type":"post","link":"https:\/\/aubertin.fr\/index.php\/2022\/10\/20\/reunion-publique\/","title":{"rendered":"R\u00e9union publique"},"content":{"rendered":"\n<p>Nous souhaitions par ce message\u00a0par ce message vous informer de notre r\u00e9union publique du jeudi 3 novembre 2022 \u00e0 18h30 en pr\u00e9sence de nos rempla\u00e7ants Isabelle Claverie et Julien Ochem.\u00a0<\/p>\n\n\n\n<p>Cette rencontre, qui aura lieu \u00e0 la Villa des Violettes impasse Odeau \u00e0 Bill\u00e8re, sera l\u2019occasion de faire le bilan de notre premi\u00e8re ann\u00e9e de mandat et d\u2019\u00e9changer sur les projets de l\u2019ann\u00e9e \u00e0 venir.&nbsp;<\/p>\n\n\n\n<p>Veuillez trouver ci-apr\u00e8s les supports d\u00e9mat\u00e9rialis\u00e9s pour communication sur vos outils num\u00e9riques d\u2019information des administr\u00e9.e.s (sites internet, intra-muros, r\u00e9seau sociaux).<\/p>\n\n\n\n<figure class=\"wp-block-image\"><img decoding=\"async\" src=\"https:\/\/mail01.orange.fr\/appsuite\/api\/image\/mail\/picture?folder=default0%2FINBOX&amp;id=35524&amp;uid=part1.1Of8h0EB.redEK3w4%40wanadoo.fr\" alt=\"image0.jpeg\"\/><\/figure>\n\n\n\n<figure class=\"wp-block-image size-large is-resized\"><img loading=\"lazy\" decoding=\"async\" src=\"http:\/\/aubertin.fr\/wp-content\/uploads\/2022\/10\/image0-665x1024.jpeg\" alt=\"\" class=\"wp-image-505\" width=\"665\" height=\"1024\" srcset=\"https:\/\/aubertin.fr\/wp-content\/uploads\/2022\/10\/image0-665x1024.jpeg 665w, https:\/\/aubertin.fr\/wp-content\/uploads\/2022\/10\/image0-195x300.jpeg 195w, https:\/\/aubertin.fr\/wp-content\/uploads\/2022\/10\/image0-555x855.jpeg 555w, https:\/\/aubertin.fr\/wp-content\/uploads\/2022\/10\/image0.jpeg 764w\" sizes=\"auto, (max-width: 665px) 100vw, 665px\" \/><\/figure>\n","protected":false},"excerpt":{"rendered":"<p>Nous souhaitions par ce message\u00a0par ce message vous informer de notre r\u00e9union publique du jeudi 3 novembre 2022 \u00e0 18h30 en pr\u00e9sence de nos rempla\u00e7ants Isabelle Claverie et Julien Ochem.\u00a0 Cette rencontre, qui aura lieu \u00e0 la Villa des Violettes impasse Odeau \u00e0 Bill\u00e8re, sera l\u2019occasion de faire le bilan de notre premi\u00e8re ann\u00e9e de &hellip; <\/p>\n<p><a class=\"more-link btn\" href=\"https:\/\/aubertin.fr\/index.php\/2022\/10\/20\/reunion-publique\/\">Lire la suite<\/a><\/p>\n","protected":false},"author":3,"featured_media":506,"comment_status":"closed","ping_status":"closed","sticky":false,"template":"","format":"standard","meta":{"footnotes":""},"categories":[1],"tags":[],"class_list":["post-508","post","type-post","status-publish","format-standard","has-post-thumbnail","hentry","category-non-classe","item-wrap"],"_links":{"self":[{"href":"https:\/\/aubertin.fr\/index.php\/wp-json\/wp\/v2\/posts\/508","targetHints":{"allow":["GET"]}}],"collection":[{"href":"https:\/\/aubertin.fr\/index.php\/wp-json\/wp\/v2\/posts"}],"about":[{"href":"https:\/\/aubertin.fr\/index.php\/wp-json\/wp\/v2\/types\/post"}],"author":[{"embeddable":true,"href":"https:\/\/aubertin.fr\/index.php\/wp-json\/wp\/v2\/users\/3"}],"replies":[{"embeddable":true,"href":"https:\/\/aubertin.fr\/index.php\/wp-json\/wp\/v2\/comments?post=508"}],"version-history":[{"count":1,"href":"https:\/\/aubertin.fr\/index.php\/wp-json\/wp\/v2\/posts\/508\/revisions"}],"predecessor-version":[{"id":509,"href":"https:\/\/aubertin.fr\/index.php\/wp-json\/wp\/v2\/posts\/508\/revisions\/509"}],"wp:featuredmedia":[{"embeddable":true,"href":"https:\/\/aubertin.fr\/index.php\/wp-json\/wp\/v2\/media\/506"}],"wp:attachment":[{"href":"https:\/\/aubertin.fr\/index.php\/wp-json\/wp\/v2\/media?parent=508"}],"wp:term":[{"taxonomy":"category","embeddable":true,"href":"https:\/\/aubertin.fr\/index.php\/wp-json\/wp\/v2\/categories?post=508"},{"taxonomy":"post_tag","embeddable":true,"href":"https:\/\/aubertin.fr\/index.php\/wp-json\/wp\/v2\/tags?post=508"}],"curies":[{"name":"wp","href":"https:\/\/api.w.org\/{rel}","templated":true}]}}