{"id":554,"date":"2022-11-14T21:43:36","date_gmt":"2022-11-14T20:43:36","guid":{"rendered":"http:\/\/aubertin.fr\/?p=554"},"modified":"2022-11-14T21:52:32","modified_gmt":"2022-11-14T20:52:32","slug":"vacances-eco-citoyenne","status":"publish","type":"post","link":"https:\/\/aubertin.fr\/index.php\/2022\/11\/14\/vacances-eco-citoyenne\/","title":{"rendered":"Vacances Eco-citoyenne"},"content":{"rendered":"\n<p><br>Durant les vacances scolaires d\u2019automne 2022, l\u2019\u00e9quipe d\u2019animation a propos\u00e9 aux enfants des activit\u00e9s autour du th\u00e8me \u00ab L\u2019\u00eele au vert \u00bb.<br>Pendant deux semaines, ils ont \u00e9t\u00e9 sensibilis\u00e9 sur l\u2019\u00e9cologie, l\u2019environnement et les bons gestes \u00e0 adopter pour pr\u00e9server notre plan\u00e8te.<br>Nous remercions l\u2019\u00e9quipe qui nous a accueilli lors de notre visite au centre de tri de S\u00e9vignacq avec le groupe des 7-12 ans. Les enfants ont pu comprendre le syst\u00e8me de tri et sont d\u00e9sormais incollables sur le tri des d\u00e9chets!!<br>R\u00e9cup\u00e9rateur d\u2019eau, h\u00f4tels \u00e0 insectes, parcours du tri, fabrication de papier recycl\u00e9, diverses exp\u00e9riences, jeu de l\u2019\u00e9quilibre de la nature&#8230;toutes ces activit\u00e9s faites autour de ce th\u00e8me nous ont permis, \u00e9quipe et enfants, d\u2019\u00e9crire une charte Eco-citoyenne \u00e9labor\u00e9e en 10 engagements.<br>Les prochaines vacances de fin d\u2019ann\u00e9e seront sous le th\u00e8me de l\u2019art \u00ab Mes vacances au mus\u00e9e \u00bb. Nous sommes ouverts sur les deux semaines ainsi que le lundi 2 janvier (reprise de l\u2019\u00e9cole le mardi 3 janvier)<br>L\u2019ann\u00e9e 2023 sera \u00e9galement rythm\u00e9e par diff\u00e9rents th\u00e8mes pendant chaque vacances scolaires; nous serons ferm\u00e9s durant l\u2019\u00e9t\u00e9 du lundi 31 juillet au mardi 15 aout 2023 inclus.<\/p>\n\n\n\n<p><\/p>\n\n\n\n<figure class=\"wp-block-image size-large\"><img loading=\"lazy\" decoding=\"async\" width=\"724\" height=\"1024\" src=\"http:\/\/aubertin.fr\/wp-content\/uploads\/2022\/11\/5535FFC7-EA5A-4107-A1DB-1D6C9E309106-724x1024.jpeg\" alt=\"\" class=\"wp-image-567\" srcset=\"https:\/\/aubertin.fr\/wp-content\/uploads\/2022\/11\/5535FFC7-EA5A-4107-A1DB-1D6C9E309106-724x1024.jpeg 724w, https:\/\/aubertin.fr\/wp-content\/uploads\/2022\/11\/5535FFC7-EA5A-4107-A1DB-1D6C9E309106-212x300.jpeg 212w, https:\/\/aubertin.fr\/wp-content\/uploads\/2022\/11\/5535FFC7-EA5A-4107-A1DB-1D6C9E309106-768x1086.jpeg 768w, https:\/\/aubertin.fr\/wp-content\/uploads\/2022\/11\/5535FFC7-EA5A-4107-A1DB-1D6C9E309106-1086x1536.jpeg 1086w, https:\/\/aubertin.fr\/wp-content\/uploads\/2022\/11\/5535FFC7-EA5A-4107-A1DB-1D6C9E309106-1448x2048.jpeg 1448w, https:\/\/aubertin.fr\/wp-content\/uploads\/2022\/11\/5535FFC7-EA5A-4107-A1DB-1D6C9E309106-555x785.jpeg 555w, https:\/\/aubertin.fr\/wp-content\/uploads\/2022\/11\/5535FFC7-EA5A-4107-A1DB-1D6C9E309106-scaled.jpeg 1810w\" sizes=\"auto, (max-width: 724px) 100vw, 724px\" \/><\/figure>\n","protected":false},"excerpt":{"rendered":"<p>Durant les vacances scolaires d\u2019automne 2022, l\u2019\u00e9quipe d\u2019animation a propos\u00e9 aux enfants des activit\u00e9s autour du th\u00e8me \u00ab L\u2019\u00eele au vert \u00bb.Pendant deux semaines, ils ont \u00e9t\u00e9 sensibilis\u00e9 sur l\u2019\u00e9cologie, l\u2019environnement et les bons gestes \u00e0 adopter pour pr\u00e9server notre plan\u00e8te.Nous remercions l\u2019\u00e9quipe qui nous a accueilli lors de notre visite au centre de tri &hellip; <\/p>\n<p><a class=\"more-link btn\" href=\"https:\/\/aubertin.fr\/index.php\/2022\/11\/14\/vacances-eco-citoyenne\/\">Lire la suite<\/a><\/p>\n","protected":false},"author":3,"featured_media":140,"comment_status":"closed","ping_status":"closed","sticky":false,"template":"","format":"standard","meta":{"footnotes":""},"categories":[1],"tags":[],"class_list":["post-554","post","type-post","status-publish","format-standard","has-post-thumbnail","hentry","category-non-classe","item-wrap"],"_links":{"self":[{"href":"https:\/\/aubertin.fr\/index.php\/wp-json\/wp\/v2\/posts\/554","targetHints":{"allow":["GET"]}}],"collection":[{"href":"https:\/\/aubertin.fr\/index.php\/wp-json\/wp\/v2\/posts"}],"about":[{"href":"https:\/\/aubertin.fr\/index.php\/wp-json\/wp\/v2\/types\/post"}],"author":[{"embeddable":true,"href":"https:\/\/aubertin.fr\/index.php\/wp-json\/wp\/v2\/users\/3"}],"replies":[{"embeddable":true,"href":"https:\/\/aubertin.fr\/index.php\/wp-json\/wp\/v2\/comments?post=554"}],"version-history":[{"count":2,"href":"https:\/\/aubertin.fr\/index.php\/wp-json\/wp\/v2\/posts\/554\/revisions"}],"predecessor-version":[{"id":568,"href":"https:\/\/aubertin.fr\/index.php\/wp-json\/wp\/v2\/posts\/554\/revisions\/568"}],"wp:featuredmedia":[{"embeddable":true,"href":"https:\/\/aubertin.fr\/index.php\/wp-json\/wp\/v2\/media\/140"}],"wp:attachment":[{"href":"https:\/\/aubertin.fr\/index.php\/wp-json\/wp\/v2\/media?parent=554"}],"wp:term":[{"taxonomy":"category","embeddable":true,"href":"https:\/\/aubertin.fr\/index.php\/wp-json\/wp\/v2\/categories?post=554"},{"taxonomy":"post_tag","embeddable":true,"href":"https:\/\/aubertin.fr\/index.php\/wp-json\/wp\/v2\/tags?post=554"}],"curies":[{"name":"wp","href":"https:\/\/api.w.org\/{rel}","templated":true}]}}