{"id":561,"date":"2022-11-13T09:03:41","date_gmt":"2022-11-13T08:03:41","guid":{"rendered":"http:\/\/aubertin.fr\/?p=561"},"modified":"2022-11-13T09:03:42","modified_gmt":"2022-11-13T08:03:42","slug":"recherche-modeles","status":"publish","type":"post","link":"https:\/\/aubertin.fr\/index.php\/2022\/11\/13\/recherche-modeles\/","title":{"rendered":"Recherche modeles"},"content":{"rendered":"\n<p>La&nbsp;<strong>Communaut\u00e9 d\u2019Agglom\u00e9ration Pau B\u00e9arn Pyr\u00e9n\u00e9es<\/strong>&nbsp;recherche une quinzaine de mod\u00e8les adultes pour un&nbsp;<strong>d\u00e9fil\u00e9 de mode responsable,&nbsp;le 29 novembre \u00e0 18h45&nbsp;\u00e0 l\u2019Atelier du Neez&nbsp;<\/strong>\u00e0 Juran\u00e7on, \u00e0 l\u2019occasion de la&nbsp;<strong>Semaine Europ\u00e9enne de R\u00e9duction des D\u00e9chets.<\/strong><\/p>\n\n\n\n<p>Cette soir\u00e9e mettra en avant les initiatives locales en faveur d&rsquo;une mode plus \u00e9cologique et de nombreuses astuces pour r\u00e9duire ses d\u00e9chets au quotidien.<\/p>\n\n\n\n<p>A condition d\u2019\u00eatre majeur, tous les profils sont accept\u00e9s&nbsp;pour le d\u00e9fil\u00e9, quel que soit le physique, l\u2019\u00e2ge, le genre\u2026&nbsp;<\/p>\n\n\n\n<p><strong>Les inscriptions sont attendues&nbsp;jusqu\u2019au 19 novembre&nbsp;par t\u00e9l\u00e9phone au&nbsp;07 79 82 29 56<\/strong><\/p>\n\n\n\n<p>Les personnes retenues devront se rendre dans l\u2019une des friperies partenaires pour choisir les tenues avant le d\u00e9fil\u00e9 : La fianc\u00e9e du pirate, Bleue Noisette, lyc\u00e9e Campa et la Croix Rouge.&nbsp;<\/p>\n\n\n\n<p>Veuillez trouver plus d&rsquo;information dans le communiqu\u00e9 de presse ci-joint.<\/p>\n\n\n\n<div data-wp-interactive=\"core\/file\" class=\"wp-block-file\"><object data-wp-bind--hidden=\"!state.hasPdfPreview\" hidden class=\"wp-block-file__embed\" data=\"http:\/\/aubertin.fr\/wp-content\/uploads\/2022\/11\/20221110_CP_Recherche_Modeles_Defile_SERD.pdf\" type=\"application\/pdf\" style=\"width:100%;height:600px\" aria-label=\"Contenu embarqu\u00e9 20221110_CP_Recherche_Mod\u00e8les_D\u00e9fil\u00e9_SERD.\"><\/object><a id=\"wp-block-file--media-96e1bf6a-dcbb-4359-924a-d419197a751a\" href=\"http:\/\/aubertin.fr\/wp-content\/uploads\/2022\/11\/20221110_CP_Recherche_Modeles_Defile_SERD.pdf\">20221110_CP_Recherche_Mod\u00e8les_D\u00e9fil\u00e9_SERD<\/a><a href=\"http:\/\/aubertin.fr\/wp-content\/uploads\/2022\/11\/20221110_CP_Recherche_Modeles_Defile_SERD.pdf\" class=\"wp-block-file__button wp-element-button\" download aria-describedby=\"wp-block-file--media-96e1bf6a-dcbb-4359-924a-d419197a751a\">T\u00e9l\u00e9charger<\/a><\/div>\n","protected":false},"excerpt":{"rendered":"<p>La&nbsp;Communaut\u00e9 d\u2019Agglom\u00e9ration Pau B\u00e9arn Pyr\u00e9n\u00e9es&nbsp;recherche une quinzaine de mod\u00e8les adultes pour un&nbsp;d\u00e9fil\u00e9 de mode responsable,&nbsp;le 29 novembre \u00e0 18h45&nbsp;\u00e0 l\u2019Atelier du Neez&nbsp;\u00e0 Juran\u00e7on, \u00e0 l\u2019occasion de la&nbsp;Semaine Europ\u00e9enne de R\u00e9duction des D\u00e9chets. Cette soir\u00e9e mettra en avant les initiatives locales en faveur d&rsquo;une mode plus \u00e9cologique et de nombreuses astuces pour r\u00e9duire ses d\u00e9chets au &hellip; <\/p>\n<p><a class=\"more-link btn\" href=\"https:\/\/aubertin.fr\/index.php\/2022\/11\/13\/recherche-modeles\/\">Lire la suite<\/a><\/p>\n","protected":false},"author":3,"featured_media":563,"comment_status":"closed","ping_status":"closed","sticky":false,"template":"","format":"standard","meta":{"footnotes":""},"categories":[1],"tags":[],"class_list":["post-561","post","type-post","status-publish","format-standard","has-post-thumbnail","hentry","category-non-classe","item-wrap"],"_links":{"self":[{"href":"https:\/\/aubertin.fr\/index.php\/wp-json\/wp\/v2\/posts\/561","targetHints":{"allow":["GET"]}}],"collection":[{"href":"https:\/\/aubertin.fr\/index.php\/wp-json\/wp\/v2\/posts"}],"about":[{"href":"https:\/\/aubertin.fr\/index.php\/wp-json\/wp\/v2\/types\/post"}],"author":[{"embeddable":true,"href":"https:\/\/aubertin.fr\/index.php\/wp-json\/wp\/v2\/users\/3"}],"replies":[{"embeddable":true,"href":"https:\/\/aubertin.fr\/index.php\/wp-json\/wp\/v2\/comments?post=561"}],"version-history":[{"count":1,"href":"https:\/\/aubertin.fr\/index.php\/wp-json\/wp\/v2\/posts\/561\/revisions"}],"predecessor-version":[{"id":564,"href":"https:\/\/aubertin.fr\/index.php\/wp-json\/wp\/v2\/posts\/561\/revisions\/564"}],"wp:featuredmedia":[{"embeddable":true,"href":"https:\/\/aubertin.fr\/index.php\/wp-json\/wp\/v2\/media\/563"}],"wp:attachment":[{"href":"https:\/\/aubertin.fr\/index.php\/wp-json\/wp\/v2\/media?parent=561"}],"wp:term":[{"taxonomy":"category","embeddable":true,"href":"https:\/\/aubertin.fr\/index.php\/wp-json\/wp\/v2\/categories?post=561"},{"taxonomy":"post_tag","embeddable":true,"href":"https:\/\/aubertin.fr\/index.php\/wp-json\/wp\/v2\/tags?post=561"}],"curies":[{"name":"wp","href":"https:\/\/api.w.org\/{rel}","templated":true}]}}