{"id":636,"date":"2022-12-02T15:12:00","date_gmt":"2022-12-02T14:12:00","guid":{"rendered":"http:\/\/aubertin.fr\/?p=636"},"modified":"2022-12-06T20:44:23","modified_gmt":"2022-12-06T19:44:23","slug":"bougez-en-toute-serenite","status":"publish","type":"post","link":"https:\/\/aubertin.fr\/index.php\/2022\/12\/02\/bougez-en-toute-serenite\/","title":{"rendered":"<strong>\u00ab\u00a0Bougez en toute s\u00e9r\u00e9nit\u00e9\u00a0\u00bb<\/strong>"},"content":{"rendered":"\n<p>Pr\u00e9sence vertes propose d&rsquo;<strong>informer<\/strong>&nbsp;et de&nbsp;<strong>sensibiliser<\/strong>&nbsp;les habitants \u00e0 la&nbsp;<strong>pr\u00e9vention des chutes dans leur quotidien<\/strong>&nbsp;gr\u00e2ce \u00e0 des recommandations de gestes simples et peu co\u00fbteux \u00e0 mettre en place chez soi ou chez nos proches.&nbsp;<\/p>\n\n\n\n<p>En effet, la chute est la premi\u00e8re cause de mortalit\u00e9 chez les seniors. C&rsquo;est pour cette raison que le Minist\u00e8re charg\u00e9 des Solidarit\u00e9s a mis en place un plan d&rsquo;action anti-chute qui a pour objectif la r\u00e9duction de<strong>&nbsp;20% des chutes mortelles ou invalidantes des personnes de 65 ans et plus d&rsquo;ici 2024<\/strong>.<\/p>\n\n\n\n<p>Ces ateliers, que nous proposons uniquement \u00e0 nos partenaires, sont&nbsp;<strong>gratuits pour les habitants de votre commune<\/strong>. Pr\u00e9sence Verte Sud Ouest propose \u00e0 cette occasion d&rsquo;\u00e9changer lors de cet atelier autour d&rsquo;<strong>un go\u00fbter qui sera offert par nos soins<\/strong>&nbsp;afin de rendre ce moment plus convivial.&nbsp;<\/p>\n\n\n\n<figure class=\"wp-block-image size-large\"><img loading=\"lazy\" decoding=\"async\" width=\"724\" height=\"1024\" src=\"http:\/\/aubertin.fr\/wp-content\/uploads\/2022\/12\/Visuel-affiche-com-atelier-1-724x1024.png\" alt=\"\" class=\"wp-image-635\" srcset=\"https:\/\/aubertin.fr\/wp-content\/uploads\/2022\/12\/Visuel-affiche-com-atelier-1-724x1024.png 724w, https:\/\/aubertin.fr\/wp-content\/uploads\/2022\/12\/Visuel-affiche-com-atelier-1-212x300.png 212w, https:\/\/aubertin.fr\/wp-content\/uploads\/2022\/12\/Visuel-affiche-com-atelier-1-768x1086.png 768w, https:\/\/aubertin.fr\/wp-content\/uploads\/2022\/12\/Visuel-affiche-com-atelier-1-1086x1536.png 1086w, https:\/\/aubertin.fr\/wp-content\/uploads\/2022\/12\/Visuel-affiche-com-atelier-1-1448x2048.png 1448w, https:\/\/aubertin.fr\/wp-content\/uploads\/2022\/12\/Visuel-affiche-com-atelier-1-555x785.png 555w\" sizes=\"auto, (max-width: 724px) 100vw, 724px\" \/><\/figure>\n","protected":false},"excerpt":{"rendered":"<p>Pr\u00e9sence vertes propose d&rsquo;informer&nbsp;et de&nbsp;sensibiliser&nbsp;les habitants \u00e0 la&nbsp;pr\u00e9vention des chutes dans leur quotidien&nbsp;gr\u00e2ce \u00e0 des recommandations de gestes simples et peu co\u00fbteux \u00e0 mettre en place chez soi ou chez nos proches.&nbsp; En effet, la chute est la premi\u00e8re cause de mortalit\u00e9 chez les seniors. C&rsquo;est pour cette raison que le Minist\u00e8re charg\u00e9 des Solidarit\u00e9s &hellip; <\/p>\n<p><a class=\"more-link btn\" href=\"https:\/\/aubertin.fr\/index.php\/2022\/12\/02\/bougez-en-toute-serenite\/\">Lire la suite<\/a><\/p>\n","protected":false},"author":3,"featured_media":635,"comment_status":"closed","ping_status":"closed","sticky":false,"template":"","format":"standard","meta":{"footnotes":""},"categories":[1],"tags":[],"class_list":["post-636","post","type-post","status-publish","format-standard","has-post-thumbnail","hentry","category-non-classe","item-wrap"],"_links":{"self":[{"href":"https:\/\/aubertin.fr\/index.php\/wp-json\/wp\/v2\/posts\/636","targetHints":{"allow":["GET"]}}],"collection":[{"href":"https:\/\/aubertin.fr\/index.php\/wp-json\/wp\/v2\/posts"}],"about":[{"href":"https:\/\/aubertin.fr\/index.php\/wp-json\/wp\/v2\/types\/post"}],"author":[{"embeddable":true,"href":"https:\/\/aubertin.fr\/index.php\/wp-json\/wp\/v2\/users\/3"}],"replies":[{"embeddable":true,"href":"https:\/\/aubertin.fr\/index.php\/wp-json\/wp\/v2\/comments?post=636"}],"version-history":[{"count":2,"href":"https:\/\/aubertin.fr\/index.php\/wp-json\/wp\/v2\/posts\/636\/revisions"}],"predecessor-version":[{"id":682,"href":"https:\/\/aubertin.fr\/index.php\/wp-json\/wp\/v2\/posts\/636\/revisions\/682"}],"wp:featuredmedia":[{"embeddable":true,"href":"https:\/\/aubertin.fr\/index.php\/wp-json\/wp\/v2\/media\/635"}],"wp:attachment":[{"href":"https:\/\/aubertin.fr\/index.php\/wp-json\/wp\/v2\/media?parent=636"}],"wp:term":[{"taxonomy":"category","embeddable":true,"href":"https:\/\/aubertin.fr\/index.php\/wp-json\/wp\/v2\/categories?post=636"},{"taxonomy":"post_tag","embeddable":true,"href":"https:\/\/aubertin.fr\/index.php\/wp-json\/wp\/v2\/tags?post=636"}],"curies":[{"name":"wp","href":"https:\/\/api.w.org\/{rel}","templated":true}]}}