{"id":74,"date":"2022-09-06T21:17:41","date_gmt":"2022-09-06T19:17:41","guid":{"rendered":"http:\/\/aubertin.fr\/?p=74"},"modified":"2022-09-06T21:18:03","modified_gmt":"2022-09-06T19:18:03","slug":"france-service","status":"publish","type":"post","link":"https:\/\/aubertin.fr\/index.php\/2022\/09\/06\/france-service\/","title":{"rendered":"France service ouverture le 5 septembre"},"content":{"rendered":"\n<p>N\u00e9e de la volont\u00e9 d\u2019un retour du service public au sein des territoires, votre territoire se dote d\u2019une Maison France Services.&nbsp;<\/p>\n\n\n\n<p>Projet de territoire port\u00e9 par 13 communes de l\u2019ouest de l\u2019agglom\u00e9ration paloise (Lescar, Aussevielle, Beyrie-en-B\u00e9arn, Artiguelouve, Poey-de-Lescar, Siros, Arbus, Uzein, Aubertin, Bougarber, Denguin, Laroin et Saint-Faust), deux antennes Maison France services ouvrent leurs portes :<\/p>\n\n\n\n<p>\u2013&nbsp;&nbsp;&nbsp;&nbsp;&nbsp;&nbsp;&nbsp;&nbsp;&nbsp;&nbsp; L\u2019une se trouvera \u00e0 la Maison de la cit\u00e9 \u00e0 Lescar les lundis, mercredis et vendredis,<\/p>\n\n\n\n<p>\u2013&nbsp;&nbsp;&nbsp;&nbsp;&nbsp;&nbsp;&nbsp;&nbsp;&nbsp;&nbsp; l\u2019autre sera quant \u00e0 elle situ\u00e9e 4 rue principale \u00e0 Poey-de-Lescar les mardis et jeudis.<\/p>\n\n\n\n<p>Avec cette nouvelle France services, c\u2019est un service public de proximit\u00e9, plus humain et plus accessible qui se d\u00e9ploie au sein du territoire, au plus pr\u00e8s des citoyens.<\/p>\n\n\n\n<p>Cet espace ouvert \u00e0 toutes et \u00e0 tous. Moderne et convivial, il permet aux habitants des 13 communes et des communes environnantes d\u2019acc\u00e9der dans un seul et m\u00eame lieu aux principaux organismes de services publics : le minist\u00e8re de l\u2019Int\u00e9rieur, le minist\u00e8re de la Justice, les Finances publiques, P\u00f4le emploi, l\u2019Assurance retraite, l\u2019Assurance maladie, la Caf, la MSA et la Poste.<\/p>\n\n\n\n<p>Pour cela, deux agents France services, form\u00e9es et disponibles, vous accompagnent ainsi dans vos d\u00e9marches du quotidien :<\/p>\n\n\n\n<ul class=\"wp-block-list\"><li>Faire une demande au sujet de l\u2019immatriculation de v\u00e9hicules,<\/li><li>D\u00e9clarer vos revenus<\/li><li>Faire une demande de permis de conduire ou de carte d\u2019identit\u00e9<\/li><li>Demander une aide (allocation logement, RSA, retraite)<\/li><li>Cr\u00e9er votre espace P\u00f4le emploi<\/li><li>G\u00e9rer votre compte Ameli<\/li><li>Acc\u00e8der&nbsp;\u00e0 vos services en ligne\u2026<\/li><\/ul>\n\n\n\n<p>Les deux antennes sont \u00e9galement \u00e9quip\u00e9es de postes informatiques en libre acc\u00e8s.&nbsp;<\/p>\n\n\n\n<p>Son ouverture est pr\u00e9vue ce lundi\u00a05 septembre\u00a0! Venez nous rendre visite\u00a0!<\/p>\n\n\n\n<div data-wp-interactive=\"core\/file\" class=\"wp-block-file\"><object data-wp-bind--hidden=\"!state.hasPdfPreview\" hidden class=\"wp-block-file__embed\" data=\"http:\/\/aubertin.fr\/wp-content\/uploads\/2022\/09\/tract_maison_france_service_2022-1.pdf\" type=\"application\/pdf\" style=\"width:100%;height:600px\" aria-label=\"Contenu embarqu\u00e9 Contenu embarqu\u00e9 tract_maison_france_service_2022..\"><\/object><a id=\"wp-block-file--media-fdf9c9da-b565-4978-acec-621e3b274c9d\" href=\"http:\/\/aubertin.fr\/wp-content\/uploads\/2022\/09\/tract_maison_france_service_2022-1.pdf\">tract_maison_france_service_2022<\/a><a href=\"http:\/\/aubertin.fr\/wp-content\/uploads\/2022\/09\/tract_maison_france_service_2022-1.pdf\" class=\"wp-block-file__button\" download aria-describedby=\"wp-block-file--media-fdf9c9da-b565-4978-acec-621e3b274c9d\">T\u00e9l\u00e9charger<\/a><\/div>\n","protected":false},"excerpt":{"rendered":"<p>N\u00e9e de la volont\u00e9 d\u2019un retour du service public au sein des territoires, votre territoire se dote d\u2019une Maison France Services.&nbsp; Projet de territoire port\u00e9 par 13 communes de l\u2019ouest de l\u2019agglom\u00e9ration paloise (Lescar, Aussevielle, Beyrie-en-B\u00e9arn, Artiguelouve, Poey-de-Lescar, Siros, Arbus, Uzein, Aubertin, Bougarber, Denguin, Laroin et Saint-Faust), deux antennes Maison France services ouvrent leurs portes &hellip; <\/p>\n<p><a class=\"more-link btn\" href=\"https:\/\/aubertin.fr\/index.php\/2022\/09\/06\/france-service\/\">Lire la suite<\/a><\/p>\n","protected":false},"author":3,"featured_media":72,"comment_status":"open","ping_status":"open","sticky":false,"template":"","format":"standard","meta":{"footnotes":""},"categories":[1],"tags":[],"class_list":["post-74","post","type-post","status-publish","format-standard","has-post-thumbnail","hentry","category-non-classe","item-wrap"],"_links":{"self":[{"href":"https:\/\/aubertin.fr\/index.php\/wp-json\/wp\/v2\/posts\/74","targetHints":{"allow":["GET"]}}],"collection":[{"href":"https:\/\/aubertin.fr\/index.php\/wp-json\/wp\/v2\/posts"}],"about":[{"href":"https:\/\/aubertin.fr\/index.php\/wp-json\/wp\/v2\/types\/post"}],"author":[{"embeddable":true,"href":"https:\/\/aubertin.fr\/index.php\/wp-json\/wp\/v2\/users\/3"}],"replies":[{"embeddable":true,"href":"https:\/\/aubertin.fr\/index.php\/wp-json\/wp\/v2\/comments?post=74"}],"version-history":[{"count":2,"href":"https:\/\/aubertin.fr\/index.php\/wp-json\/wp\/v2\/posts\/74\/revisions"}],"predecessor-version":[{"id":155,"href":"https:\/\/aubertin.fr\/index.php\/wp-json\/wp\/v2\/posts\/74\/revisions\/155"}],"wp:featuredmedia":[{"embeddable":true,"href":"https:\/\/aubertin.fr\/index.php\/wp-json\/wp\/v2\/media\/72"}],"wp:attachment":[{"href":"https:\/\/aubertin.fr\/index.php\/wp-json\/wp\/v2\/media?parent=74"}],"wp:term":[{"taxonomy":"category","embeddable":true,"href":"https:\/\/aubertin.fr\/index.php\/wp-json\/wp\/v2\/categories?post=74"},{"taxonomy":"post_tag","embeddable":true,"href":"https:\/\/aubertin.fr\/index.php\/wp-json\/wp\/v2\/tags?post=74"}],"curies":[{"name":"wp","href":"https:\/\/api.w.org\/{rel}","templated":true}]}}