{"id":817,"date":"2023-01-18T06:10:37","date_gmt":"2023-01-18T05:10:37","guid":{"rendered":"http:\/\/aubertin.fr\/?p=817"},"modified":"2023-01-18T06:10:39","modified_gmt":"2023-01-18T05:10:39","slug":"station-biometrique","status":"publish","type":"post","link":"https:\/\/aubertin.fr\/index.php\/2023\/01\/18\/station-biometrique\/","title":{"rendered":"Station biom\u00e9trique"},"content":{"rendered":"\n<p>&#8211;&nbsp;&nbsp;&nbsp;&nbsp;&nbsp;&nbsp;&nbsp;Lien depuis le site ville de Lescar&nbsp;:&nbsp;<a href=\"https:\/\/www.lescar.fr\/utile\/demarches-administratives\/document-identite-certificats-et-attestations\/carte-didentite-et-passeport\">https:\/\/www.lescar.fr\/utile\/demarches-administratives\/document-identite-certificats-et-attestations\/carte-didentite-et-passeport<\/a><\/p>\n\n\n\n<p>&#8211;\u00a0\u00a0\u00a0\u00a0\u00a0\u00a0\u00a0Concernant le lien ANTS, il n\u2019est pas encore disponible car la g\u00e9olocalisation et le param\u00e9trage sont en cours mais nous ne manquerons pas de vous le transmettre d\u00e8s que tout sera op\u00e9rationnel.\u00a0\u00bb<\/p>\n\n\n\n<p><\/p>\n\n\n\n<figure class=\"wp-block-image size-large is-resized\"><img loading=\"lazy\" decoding=\"async\" src=\"http:\/\/aubertin.fr\/wp-content\/uploads\/2023\/01\/8B62AC85-0AE7-47AE-BB3F-C156FF9B1B9F-724x1024.jpeg\" alt=\"\" class=\"wp-image-810\" width=\"390\" height=\"551\" srcset=\"https:\/\/aubertin.fr\/wp-content\/uploads\/2023\/01\/8B62AC85-0AE7-47AE-BB3F-C156FF9B1B9F-724x1024.jpeg 724w, https:\/\/aubertin.fr\/wp-content\/uploads\/2023\/01\/8B62AC85-0AE7-47AE-BB3F-C156FF9B1B9F-212x300.jpeg 212w, https:\/\/aubertin.fr\/wp-content\/uploads\/2023\/01\/8B62AC85-0AE7-47AE-BB3F-C156FF9B1B9F-768x1086.jpeg 768w, https:\/\/aubertin.fr\/wp-content\/uploads\/2023\/01\/8B62AC85-0AE7-47AE-BB3F-C156FF9B1B9F-1086x1536.jpeg 1086w, https:\/\/aubertin.fr\/wp-content\/uploads\/2023\/01\/8B62AC85-0AE7-47AE-BB3F-C156FF9B1B9F-555x785.jpeg 555w, https:\/\/aubertin.fr\/wp-content\/uploads\/2023\/01\/8B62AC85-0AE7-47AE-BB3F-C156FF9B1B9F.jpeg 1240w\" sizes=\"auto, (max-width: 390px) 100vw, 390px\" \/><\/figure>\n\n\n\n<figure class=\"wp-block-image size-large\"><img loading=\"lazy\" decoding=\"async\" width=\"725\" height=\"1024\" src=\"http:\/\/aubertin.fr\/wp-content\/uploads\/2023\/01\/ACF98288-2C1C-49FB-936A-6BC489601F53-725x1024.jpeg\" alt=\"\" class=\"wp-image-809\" srcset=\"https:\/\/aubertin.fr\/wp-content\/uploads\/2023\/01\/ACF98288-2C1C-49FB-936A-6BC489601F53-725x1024.jpeg 725w, https:\/\/aubertin.fr\/wp-content\/uploads\/2023\/01\/ACF98288-2C1C-49FB-936A-6BC489601F53-212x300.jpeg 212w, https:\/\/aubertin.fr\/wp-content\/uploads\/2023\/01\/ACF98288-2C1C-49FB-936A-6BC489601F53-768x1085.jpeg 768w, https:\/\/aubertin.fr\/wp-content\/uploads\/2023\/01\/ACF98288-2C1C-49FB-936A-6BC489601F53-1087x1536.jpeg 1087w, https:\/\/aubertin.fr\/wp-content\/uploads\/2023\/01\/ACF98288-2C1C-49FB-936A-6BC489601F53-555x784.jpeg 555w, https:\/\/aubertin.fr\/wp-content\/uploads\/2023\/01\/ACF98288-2C1C-49FB-936A-6BC489601F53.jpeg 1241w\" sizes=\"auto, (max-width: 725px) 100vw, 725px\" \/><\/figure>\n","protected":false},"excerpt":{"rendered":"<p>&#8211;&nbsp;&nbsp;&nbsp;&nbsp;&nbsp;&nbsp;&nbsp;Lien depuis le site ville de Lescar&nbsp;:&nbsp;https:\/\/www.lescar.fr\/utile\/demarches-administratives\/document-identite-certificats-et-attestations\/carte-didentite-et-passeport &#8211;\u00a0\u00a0\u00a0\u00a0\u00a0\u00a0\u00a0Concernant le lien ANTS, il n\u2019est pas encore disponible car la g\u00e9olocalisation et le param\u00e9trage sont en cours mais nous ne manquerons pas de vous le transmettre d\u00e8s que tout sera op\u00e9rationnel.\u00a0\u00bb<\/p>\n","protected":false},"author":3,"featured_media":810,"comment_status":"closed","ping_status":"closed","sticky":false,"template":"","format":"standard","meta":{"footnotes":""},"categories":[1],"tags":[],"class_list":["post-817","post","type-post","status-publish","format-standard","has-post-thumbnail","hentry","category-non-classe","item-wrap"],"_links":{"self":[{"href":"https:\/\/aubertin.fr\/index.php\/wp-json\/wp\/v2\/posts\/817","targetHints":{"allow":["GET"]}}],"collection":[{"href":"https:\/\/aubertin.fr\/index.php\/wp-json\/wp\/v2\/posts"}],"about":[{"href":"https:\/\/aubertin.fr\/index.php\/wp-json\/wp\/v2\/types\/post"}],"author":[{"embeddable":true,"href":"https:\/\/aubertin.fr\/index.php\/wp-json\/wp\/v2\/users\/3"}],"replies":[{"embeddable":true,"href":"https:\/\/aubertin.fr\/index.php\/wp-json\/wp\/v2\/comments?post=817"}],"version-history":[{"count":1,"href":"https:\/\/aubertin.fr\/index.php\/wp-json\/wp\/v2\/posts\/817\/revisions"}],"predecessor-version":[{"id":818,"href":"https:\/\/aubertin.fr\/index.php\/wp-json\/wp\/v2\/posts\/817\/revisions\/818"}],"wp:featuredmedia":[{"embeddable":true,"href":"https:\/\/aubertin.fr\/index.php\/wp-json\/wp\/v2\/media\/810"}],"wp:attachment":[{"href":"https:\/\/aubertin.fr\/index.php\/wp-json\/wp\/v2\/media?parent=817"}],"wp:term":[{"taxonomy":"category","embeddable":true,"href":"https:\/\/aubertin.fr\/index.php\/wp-json\/wp\/v2\/categories?post=817"},{"taxonomy":"post_tag","embeddable":true,"href":"https:\/\/aubertin.fr\/index.php\/wp-json\/wp\/v2\/tags?post=817"}],"curies":[{"name":"wp","href":"https:\/\/api.w.org\/{rel}","templated":true}]}}