{"id":855,"date":"2023-01-24T07:08:54","date_gmt":"2023-01-24T06:08:54","guid":{"rendered":"http:\/\/aubertin.fr\/?p=855"},"modified":"2023-01-24T07:08:56","modified_gmt":"2023-01-24T06:08:56","slug":"utilisation-du-parking-devant-lecole-de-st-faust","status":"publish","type":"post","link":"https:\/\/aubertin.fr\/index.php\/2023\/01\/24\/utilisation-du-parking-devant-lecole-de-st-faust\/","title":{"rendered":"Utilisation du parking devant l&rsquo;\u00e9cole de St Faust"},"content":{"rendered":"\n<p>Petit rappel concernant l&rsquo;utilisation du parking devant l&rsquo;\u00e9cole de St Faust (R\u00e8glement int\u00e9rieur&nbsp; octobre 2022 ).<\/p>\n\n\n\n<p><strong><em><u>\u00ab\u00a0Utilisation du parking&nbsp;:&nbsp;<\/u><\/em><\/strong><\/p>\n\n\n\n<p><strong><em>La partie du parking situ\u00e9e la plus pr\u00e8s du portail est r\u00e9serv\u00e9 au personnel de l\u2019\u00e9cole ainsi qu\u2019aux man\u0153uvres du bus.\u00a0\u00bb (ci joint plan )<\/em><\/strong><\/p>\n\n\n\n<p>Par mesure de s\u00e9curit\u00e9, bien attendre que le bus est termin\u00e9 de manoeuvrer&nbsp;avant de stationner ou de partir avec son v\u00e9hicule.&nbsp;<\/p>\n\n\n\n<p>Puis, pour les parents de maternelles et CP, vous pouvez r\u00e9cup\u00e9rer vos enfants aupr\u00e8s de M\u00e9lanie et Claire en toute s\u00e9curit\u00e9.<\/p>\n\n\n\n<p>Merci pour votre compr\u00e9hension.<\/p>\n\n\n\n<figure class=\"wp-block-image size-large\"><img loading=\"lazy\" decoding=\"async\" width=\"725\" height=\"1024\" src=\"http:\/\/aubertin.fr\/wp-content\/uploads\/2023\/01\/5418B197-5D12-4A16-BA65-A0BD25FDE578-725x1024.jpeg\" alt=\"\" class=\"wp-image-856\" srcset=\"https:\/\/aubertin.fr\/wp-content\/uploads\/2023\/01\/5418B197-5D12-4A16-BA65-A0BD25FDE578-725x1024.jpeg 725w, https:\/\/aubertin.fr\/wp-content\/uploads\/2023\/01\/5418B197-5D12-4A16-BA65-A0BD25FDE578-212x300.jpeg 212w, https:\/\/aubertin.fr\/wp-content\/uploads\/2023\/01\/5418B197-5D12-4A16-BA65-A0BD25FDE578-768x1085.jpeg 768w, https:\/\/aubertin.fr\/wp-content\/uploads\/2023\/01\/5418B197-5D12-4A16-BA65-A0BD25FDE578-1088x1536.jpeg 1088w, https:\/\/aubertin.fr\/wp-content\/uploads\/2023\/01\/5418B197-5D12-4A16-BA65-A0BD25FDE578-555x784.jpeg 555w, https:\/\/aubertin.fr\/wp-content\/uploads\/2023\/01\/5418B197-5D12-4A16-BA65-A0BD25FDE578.jpeg 1242w\" sizes=\"auto, (max-width: 725px) 100vw, 725px\" \/><\/figure>\n","protected":false},"excerpt":{"rendered":"<p>Petit rappel concernant l&rsquo;utilisation du parking devant l&rsquo;\u00e9cole de St Faust (R\u00e8glement int\u00e9rieur&nbsp; octobre 2022 ). \u00ab\u00a0Utilisation du parking&nbsp;:&nbsp; La partie du parking situ\u00e9e la plus pr\u00e8s du portail est r\u00e9serv\u00e9 au personnel de l\u2019\u00e9cole ainsi qu\u2019aux man\u0153uvres du bus.\u00a0\u00bb (ci joint plan ) Par mesure de s\u00e9curit\u00e9, bien attendre que le bus est termin\u00e9 &hellip; <\/p>\n<p><a class=\"more-link btn\" href=\"https:\/\/aubertin.fr\/index.php\/2023\/01\/24\/utilisation-du-parking-devant-lecole-de-st-faust\/\">Lire la suite<\/a><\/p>\n","protected":false},"author":3,"featured_media":856,"comment_status":"closed","ping_status":"closed","sticky":false,"template":"","format":"standard","meta":{"footnotes":""},"categories":[1],"tags":[],"class_list":["post-855","post","type-post","status-publish","format-standard","has-post-thumbnail","hentry","category-non-classe","item-wrap"],"_links":{"self":[{"href":"https:\/\/aubertin.fr\/index.php\/wp-json\/wp\/v2\/posts\/855","targetHints":{"allow":["GET"]}}],"collection":[{"href":"https:\/\/aubertin.fr\/index.php\/wp-json\/wp\/v2\/posts"}],"about":[{"href":"https:\/\/aubertin.fr\/index.php\/wp-json\/wp\/v2\/types\/post"}],"author":[{"embeddable":true,"href":"https:\/\/aubertin.fr\/index.php\/wp-json\/wp\/v2\/users\/3"}],"replies":[{"embeddable":true,"href":"https:\/\/aubertin.fr\/index.php\/wp-json\/wp\/v2\/comments?post=855"}],"version-history":[{"count":1,"href":"https:\/\/aubertin.fr\/index.php\/wp-json\/wp\/v2\/posts\/855\/revisions"}],"predecessor-version":[{"id":857,"href":"https:\/\/aubertin.fr\/index.php\/wp-json\/wp\/v2\/posts\/855\/revisions\/857"}],"wp:featuredmedia":[{"embeddable":true,"href":"https:\/\/aubertin.fr\/index.php\/wp-json\/wp\/v2\/media\/856"}],"wp:attachment":[{"href":"https:\/\/aubertin.fr\/index.php\/wp-json\/wp\/v2\/media?parent=855"}],"wp:term":[{"taxonomy":"category","embeddable":true,"href":"https:\/\/aubertin.fr\/index.php\/wp-json\/wp\/v2\/categories?post=855"},{"taxonomy":"post_tag","embeddable":true,"href":"https:\/\/aubertin.fr\/index.php\/wp-json\/wp\/v2\/tags?post=855"}],"curies":[{"name":"wp","href":"https:\/\/api.w.org\/{rel}","templated":true}]}}