{"id":891,"date":"2023-01-27T17:26:25","date_gmt":"2023-01-27T16:26:25","guid":{"rendered":"http:\/\/aubertin.fr\/?p=891"},"modified":"2023-01-27T17:26:26","modified_gmt":"2023-01-27T16:26:26","slug":"annulation-de-la-piece-de-theatre","status":"publish","type":"post","link":"https:\/\/aubertin.fr\/index.php\/2023\/01\/27\/annulation-de-la-piece-de-theatre\/","title":{"rendered":"Annulation de la pi\u00e8ce de th\u00e9\u00e2tre."},"content":{"rendered":"\n<p><strong>Nous sommes dans le regret d\u2019annoncer que la pi\u00e8ce de th\u00e9\u00e2tre \u00ab&nbsp;La Concierge n\u2019est pas dans l\u2019Escalier&nbsp;\u00bb pr\u00e9vue&nbsp;le Samedi 28 janvier 2023 \u00e0 19 H&nbsp;\u00e0 la &nbsp;Maison pour tous, Chemin de Miramont 64290 Aubertin,&nbsp;<\/strong><strong><u>N\u2019AURA PAS LIEU<\/u><\/strong><strong>&nbsp;<\/strong><strong>pour cause de m\u00e9t\u00e9o incertaine.<\/strong><\/p>\n\n\n\n<p><strong>Elle est reconduite \u00e0 une date ult\u00e9rieure, dans le courant du 1<sup>er<\/sup>&nbsp;semestre 2023.<\/strong><\/p>\n\n\n\n<p><strong>Nous sommes d\u00e9sol\u00e9s du d\u00e9sagr\u00e9ment.<\/strong><\/p>\n","protected":false},"excerpt":{"rendered":"<p>Nous sommes dans le regret d\u2019annoncer que la pi\u00e8ce de th\u00e9\u00e2tre \u00ab&nbsp;La Concierge n\u2019est pas dans l\u2019Escalier&nbsp;\u00bb pr\u00e9vue&nbsp;le Samedi 28 janvier 2023 \u00e0 19 H&nbsp;\u00e0 la &nbsp;Maison pour tous, Chemin de Miramont 64290 Aubertin,&nbsp;N\u2019AURA PAS LIEU&nbsp;pour cause de m\u00e9t\u00e9o incertaine. Elle est reconduite \u00e0 une date ult\u00e9rieure, dans le courant du 1er&nbsp;semestre 2023. Nous sommes &hellip; <\/p>\n<p><a class=\"more-link btn\" href=\"https:\/\/aubertin.fr\/index.php\/2023\/01\/27\/annulation-de-la-piece-de-theatre\/\">Lire la suite<\/a><\/p>\n","protected":false},"author":3,"featured_media":825,"comment_status":"closed","ping_status":"closed","sticky":false,"template":"","format":"standard","meta":{"footnotes":""},"categories":[1],"tags":[],"class_list":["post-891","post","type-post","status-publish","format-standard","has-post-thumbnail","hentry","category-non-classe","item-wrap"],"_links":{"self":[{"href":"https:\/\/aubertin.fr\/index.php\/wp-json\/wp\/v2\/posts\/891","targetHints":{"allow":["GET"]}}],"collection":[{"href":"https:\/\/aubertin.fr\/index.php\/wp-json\/wp\/v2\/posts"}],"about":[{"href":"https:\/\/aubertin.fr\/index.php\/wp-json\/wp\/v2\/types\/post"}],"author":[{"embeddable":true,"href":"https:\/\/aubertin.fr\/index.php\/wp-json\/wp\/v2\/users\/3"}],"replies":[{"embeddable":true,"href":"https:\/\/aubertin.fr\/index.php\/wp-json\/wp\/v2\/comments?post=891"}],"version-history":[{"count":1,"href":"https:\/\/aubertin.fr\/index.php\/wp-json\/wp\/v2\/posts\/891\/revisions"}],"predecessor-version":[{"id":892,"href":"https:\/\/aubertin.fr\/index.php\/wp-json\/wp\/v2\/posts\/891\/revisions\/892"}],"wp:featuredmedia":[{"embeddable":true,"href":"https:\/\/aubertin.fr\/index.php\/wp-json\/wp\/v2\/media\/825"}],"wp:attachment":[{"href":"https:\/\/aubertin.fr\/index.php\/wp-json\/wp\/v2\/media?parent=891"}],"wp:term":[{"taxonomy":"category","embeddable":true,"href":"https:\/\/aubertin.fr\/index.php\/wp-json\/wp\/v2\/categories?post=891"},{"taxonomy":"post_tag","embeddable":true,"href":"https:\/\/aubertin.fr\/index.php\/wp-json\/wp\/v2\/tags?post=891"}],"curies":[{"name":"wp","href":"https:\/\/api.w.org\/{rel}","templated":true}]}}