{"id":896,"date":"2023-02-06T19:48:02","date_gmt":"2023-02-06T18:48:02","guid":{"rendered":"http:\/\/aubertin.fr\/?p=896"},"modified":"2023-02-06T19:48:03","modified_gmt":"2023-02-06T18:48:03","slug":"fermeture-du-secretariat-de-mairie","status":"publish","type":"post","link":"https:\/\/aubertin.fr\/index.php\/2023\/02\/06\/fermeture-du-secretariat-de-mairie\/","title":{"rendered":"Fermeture du secr\u00e9tariat de mairie"},"content":{"rendered":"\n<p><strong>Le secr\u00e9tariat de mairie d\u2019AUBERTIN sera ferm\u00e9&nbsp;du mercredi 15 f\u00e9vrier 2023 au mardi 21 f\u00e9vrier 2023.<\/strong><\/p>\n\n\n\n<p><strong><u>N\u00b0 \u00e0 joindre en cas d\u2019urgence<\/u>&nbsp;:<\/strong><\/p>\n\n\n\n<p><strong>Martine RODRIGUEZ, Maire&nbsp;:&nbsp;<\/strong>06.22.36.11.26<\/p>\n\n\n\n<p><strong>Sandrine BERSANS, 1<sup>\u00e8re<\/sup>&nbsp;adjointe&nbsp;:&nbsp;<\/strong>07.67.26.96.75<\/p>\n\n\n\n<p><strong>Jean PIAT, 2<sup>\u00e8me<\/sup>&nbsp;adjoint&nbsp;:&nbsp;<\/strong>06.15.84.28.87<\/p>\n\n\n\n<p><strong>Sandrine HOURS, 3<sup>\u00e8me<\/sup>&nbsp;adjointe&nbsp;:&nbsp;<\/strong>06.16.13.80.04<\/p>\n","protected":false},"excerpt":{"rendered":"<p>Le secr\u00e9tariat de mairie d\u2019AUBERTIN sera ferm\u00e9&nbsp;du mercredi 15 f\u00e9vrier 2023 au mardi 21 f\u00e9vrier 2023. N\u00b0 \u00e0 joindre en cas d\u2019urgence&nbsp;: Martine RODRIGUEZ, Maire&nbsp;:&nbsp;06.22.36.11.26 Sandrine BERSANS, 1\u00e8re&nbsp;adjointe&nbsp;:&nbsp;07.67.26.96.75 Jean PIAT, 2\u00e8me&nbsp;adjoint&nbsp;:&nbsp;06.15.84.28.87 Sandrine HOURS, 3\u00e8me&nbsp;adjointe&nbsp;:&nbsp;06.16.13.80.04<\/p>\n","protected":false},"author":3,"featured_media":796,"comment_status":"closed","ping_status":"closed","sticky":false,"template":"","format":"standard","meta":{"footnotes":""},"categories":[1],"tags":[],"class_list":["post-896","post","type-post","status-publish","format-standard","has-post-thumbnail","hentry","category-non-classe","item-wrap"],"_links":{"self":[{"href":"https:\/\/aubertin.fr\/index.php\/wp-json\/wp\/v2\/posts\/896","targetHints":{"allow":["GET"]}}],"collection":[{"href":"https:\/\/aubertin.fr\/index.php\/wp-json\/wp\/v2\/posts"}],"about":[{"href":"https:\/\/aubertin.fr\/index.php\/wp-json\/wp\/v2\/types\/post"}],"author":[{"embeddable":true,"href":"https:\/\/aubertin.fr\/index.php\/wp-json\/wp\/v2\/users\/3"}],"replies":[{"embeddable":true,"href":"https:\/\/aubertin.fr\/index.php\/wp-json\/wp\/v2\/comments?post=896"}],"version-history":[{"count":1,"href":"https:\/\/aubertin.fr\/index.php\/wp-json\/wp\/v2\/posts\/896\/revisions"}],"predecessor-version":[{"id":897,"href":"https:\/\/aubertin.fr\/index.php\/wp-json\/wp\/v2\/posts\/896\/revisions\/897"}],"wp:featuredmedia":[{"embeddable":true,"href":"https:\/\/aubertin.fr\/index.php\/wp-json\/wp\/v2\/media\/796"}],"wp:attachment":[{"href":"https:\/\/aubertin.fr\/index.php\/wp-json\/wp\/v2\/media?parent=896"}],"wp:term":[{"taxonomy":"category","embeddable":true,"href":"https:\/\/aubertin.fr\/index.php\/wp-json\/wp\/v2\/categories?post=896"},{"taxonomy":"post_tag","embeddable":true,"href":"https:\/\/aubertin.fr\/index.php\/wp-json\/wp\/v2\/tags?post=896"}],"curies":[{"name":"wp","href":"https:\/\/api.w.org\/{rel}","templated":true}]}}